{"id":2454,"date":"2023-12-14T15:54:07","date_gmt":"2023-12-14T15:54:07","guid":{"rendered":"http:\/\/zsp3.pl\/?p=2454"},"modified":"2023-12-14T15:54:09","modified_gmt":"2023-12-14T15:54:09","slug":"mlodzi-programisci-sa-wsrod-nas","status":"publish","type":"post","link":"http:\/\/zsp3.pl\/?p=2454","title":{"rendered":"&#8222;M\u0142odzi programi\u015bci s\u0105 w\u015br\u00f3d nas&#8221;"},"content":{"rendered":"<div class=\"wp-block-image\">\n<figure class=\"aligncenter size-large\"><img fetchpriority=\"high\" decoding=\"async\" width=\"1024\" height=\"768\" src=\"http:\/\/zsp3.pl\/wp-content\/uploads\/2023\/12\/1-1024x768.jpg\" alt=\"\" class=\"wp-image-2456\" srcset=\"http:\/\/zsp3.pl\/wp-content\/uploads\/2023\/12\/1-1024x768.jpg 1024w, http:\/\/zsp3.pl\/wp-content\/uploads\/2023\/12\/1-300x225.jpg 300w, http:\/\/zsp3.pl\/wp-content\/uploads\/2023\/12\/1-768x576.jpg 768w, http:\/\/zsp3.pl\/wp-content\/uploads\/2023\/12\/1-1536x1152.jpg 1536w, http:\/\/zsp3.pl\/wp-content\/uploads\/2023\/12\/1-2048x1536.jpg 2048w, http:\/\/zsp3.pl\/wp-content\/uploads\/2023\/12\/1-600x450.jpg 600w\" sizes=\"(max-width: 1024px) 100vw, 1024px\" \/><\/figure>\n<\/div>\n\n\n<p>W dniu 12 grudnia 2023r. w Centrum Edukacyjnym w W\u00f3lce Milanowskiej odby\u0142 si\u0119 fina\u0142 konkursu programistycznego \u201eCyfrowe \u0141amig\u0142\u00f3wki\u201d, zorganizowanego przez Departament IT Urz\u0119du Marsza\u0142kowskiego Wojew\u00f3dztwa \u015awi\u0119tokrzyskiego oraz \u015awi\u0119tokrzyskie Centrum Doskonalenia Nauczycieli. Konkurs obj\u0119ty zosta\u0142 patronatem Marsza\u0142ka Wojew\u00f3dztwa \u015awi\u0119tokrzyskiego.<\/p>\n\n\n\n<p>Zadaniem uczni\u00f3w szk\u00f3\u0142 ponadpodstawowych (kategoria II) by\u0142o wykonanie prezentacji multimedialnej w postaci gry lub pokoju zagadek na temat: \u201eSztuczna inteligencja \u2013 korzy\u015bci i wyzwania\u201d.<\/p>\n\n\n\n<p>W\u015br\u00f3d 10 finalist\u00f3w znalaz\u0142o si\u0119 a\u017c trzech uczni\u00f3w naszej szko\u0142y, kt\u00f3rzy podczas uroczystej konferencji zaprezentowali przygotowane przez siebie prace i odpowiedzieli na pytania komisji konkursowej. Wszyscy poradzili sobie doskonale i ostatecznie zaj\u0119li nast\u0119puj\u0105ce miejsca:<\/p>\n\n\n\n<p>\u2022 Mateusz Cholerzy\u0144ski z klasy 4Ti zosta\u0142 laureatem, zajmuj\u0105c 3 miejsce (opiekun merytoryczny p. Agnieszka \u0141\u0119cka),<\/p>\n\n\n\n<p>\u2022 Pawe\u0142 Szumiak z klasy 4 Ti \u2013 wyr\u00f3\u017cnienie (opiekun p. Anna Zasu\u0144),<\/p>\n\n\n\n<p>\u2022 Filip Maciejczyk z klasy 1 a LO \u2013 wyr\u00f3\u017cnienie (opiekun Sylwia Pura &#8211; Maciejczyk), Zwyci\u0119zcy otrzymali dyplomy i cenne nagrody rzeczowe w postaci kamery sportowej i aparat\u00f3w natychmiastowych. Po wszystkim mogli skorzysta\u0107 z ciekawych zaj\u0119\u0107 na strzelnicy wirtualnej.<\/p>\n\n\n\n<p>Sk\u0142adamy ogromne gratulacje i \u017cyczymy kolejnych sukces\u00f3w w przysz\u0142o\u015bci. Szkolnym koordynatorem konkursu by\u0142a nauczycielka przedmiot\u00f3w informatycznych Agnieszka \u0141\u0119cka, kt\u00f3ra jest przekonana, \u017ce nale\u017cy rozwija\u0107 w\u015br\u00f3d uczni\u00f3w umiej\u0119tno\u015bci korzystania z technologii informacyjno \u2013 komunikacyjnych i stale zwi\u0119ksza\u0107 ich zainteresowanie wykorzystaniem kompetencji informatycznych.<\/p>\n\n\n\n<p>&#8222;Jestem niezmiernie dumna. To wspania\u0142e osi\u0105gni\u0119cie \u015bwiadczy o zaanga\u017cowaniu zar\u00f3wno uczni\u00f3w, jak i ich opiekun\u00f3w w rozwijanie umiej\u0119tno\u015bci i zdobywanie nowych do\u015bwiadcze\u0144&#8221; &#8211; m\u00f3wi dyrektor Staszica &#8211; pani Mariola Koza<\/p>\n","protected":false},"excerpt":{"rendered":"<p>W dniu 12 grudnia 2023r. w Centrum Edukacyjnym w W\u00f3lce Milanowskiej odby\u0142 si\u0119 fina\u0142 konkursu programistycznego \u201eCyfrowe \u0141amig\u0142\u00f3wki\u201d, zorganizowanego przez [&hellip;]<\/p>\n","protected":false},"author":1,"featured_media":2456,"comment_status":"closed","ping_status":"closed","sticky":false,"template":"","format":"standard","meta":{"footnotes":""},"categories":[14,17,15],"tags":[],"class_list":["post-2454","post","type-post","status-publish","format-standard","has-post-thumbnail","hentry","category-informacja","category-konkurs","category-wydarzenie"],"_links":{"self":[{"href":"http:\/\/zsp3.pl\/index.php?rest_route=\/wp\/v2\/posts\/2454","targetHints":{"allow":["GET"]}}],"collection":[{"href":"http:\/\/zsp3.pl\/index.php?rest_route=\/wp\/v2\/posts"}],"about":[{"href":"http:\/\/zsp3.pl\/index.php?rest_route=\/wp\/v2\/types\/post"}],"author":[{"embeddable":true,"href":"http:\/\/zsp3.pl\/index.php?rest_route=\/wp\/v2\/users\/1"}],"replies":[{"embeddable":true,"href":"http:\/\/zsp3.pl\/index.php?rest_route=%2Fwp%2Fv2%2Fcomments&post=2454"}],"version-history":[{"count":1,"href":"http:\/\/zsp3.pl\/index.php?rest_route=\/wp\/v2\/posts\/2454\/revisions"}],"predecessor-version":[{"id":2457,"href":"http:\/\/zsp3.pl\/index.php?rest_route=\/wp\/v2\/posts\/2454\/revisions\/2457"}],"wp:featuredmedia":[{"embeddable":true,"href":"http:\/\/zsp3.pl\/index.php?rest_route=\/wp\/v2\/media\/2456"}],"wp:attachment":[{"href":"http:\/\/zsp3.pl\/index.php?rest_route=%2Fwp%2Fv2%2Fmedia&parent=2454"}],"wp:term":[{"taxonomy":"category","embeddable":true,"href":"http:\/\/zsp3.pl\/index.php?rest_route=%2Fwp%2Fv2%2Fcategories&post=2454"},{"taxonomy":"post_tag","embeddable":true,"href":"http:\/\/zsp3.pl\/index.php?rest_route=%2Fwp%2Fv2%2Ftags&post=2454"}],"curies":[{"name":"wp","href":"https:\/\/api.w.org\/{rel}","templated":true}]}}