{"id":2467,"date":"2023-12-20T14:35:23","date_gmt":"2023-12-20T14:35:23","guid":{"rendered":"http:\/\/zsp3.pl\/?p=2467"},"modified":"2023-12-20T14:35:25","modified_gmt":"2023-12-20T14:35:25","slug":"mamy-to","status":"publish","type":"post","link":"http:\/\/zsp3.pl\/?p=2467","title":{"rendered":"Mamy to!!"},"content":{"rendered":"<div class=\"wp-block-image\">\n<figure class=\"aligncenter size-large\"><img fetchpriority=\"high\" decoding=\"async\" width=\"698\" height=\"1024\" src=\"http:\/\/zsp3.pl\/wp-content\/uploads\/2023\/12\/od-lewej-nauczyciel-informatyki-Agnieszka-Lecka-laureat-Mateusz-Wiecek-dyrektor-szkoly-Mariola-Koza-laureat-Krystian-Piatek-698x1024.jpg\" alt=\"\" class=\"wp-image-2468\" srcset=\"http:\/\/zsp3.pl\/wp-content\/uploads\/2023\/12\/od-lewej-nauczyciel-informatyki-Agnieszka-Lecka-laureat-Mateusz-Wiecek-dyrektor-szkoly-Mariola-Koza-laureat-Krystian-Piatek-698x1024.jpg 698w, http:\/\/zsp3.pl\/wp-content\/uploads\/2023\/12\/od-lewej-nauczyciel-informatyki-Agnieszka-Lecka-laureat-Mateusz-Wiecek-dyrektor-szkoly-Mariola-Koza-laureat-Krystian-Piatek-205x300.jpg 205w, http:\/\/zsp3.pl\/wp-content\/uploads\/2023\/12\/od-lewej-nauczyciel-informatyki-Agnieszka-Lecka-laureat-Mateusz-Wiecek-dyrektor-szkoly-Mariola-Koza-laureat-Krystian-Piatek-768x1126.jpg 768w, http:\/\/zsp3.pl\/wp-content\/uploads\/2023\/12\/od-lewej-nauczyciel-informatyki-Agnieszka-Lecka-laureat-Mateusz-Wiecek-dyrektor-szkoly-Mariola-Koza-laureat-Krystian-Piatek-1048x1536.jpg 1048w, http:\/\/zsp3.pl\/wp-content\/uploads\/2023\/12\/od-lewej-nauczyciel-informatyki-Agnieszka-Lecka-laureat-Mateusz-Wiecek-dyrektor-szkoly-Mariola-Koza-laureat-Krystian-Piatek-1397x2048.jpg 1397w, http:\/\/zsp3.pl\/wp-content\/uploads\/2023\/12\/od-lewej-nauczyciel-informatyki-Agnieszka-Lecka-laureat-Mateusz-Wiecek-dyrektor-szkoly-Mariola-Koza-laureat-Krystian-Piatek-scaled.jpg 1746w\" sizes=\"(max-width: 698px) 100vw, 698px\" \/><\/figure>\n<\/div>\n\n\n<p><strong>2 uczni\u00f3w Staszica laureatami<br>og\u00f3lnopolskiego konkursu \u201eCyberbezpieczni\u201d<\/strong><\/p>\n\n\n\n<p>Na prze\u0142omie listopada i grudnia 2023 r. uczniowie naszej szko\u0142y wzi\u0119li udzia\u0142 w Og\u00f3lnopolskim Konkursie i Te\u015bcie wiedzy \u201eCyberbezpieczni\u201d, zorganizowanym przez Fundacj\u0119 Polskiego Funduszu Rozwoju i Centralny Dom Technologii w Warszawie w ramach projektu \u201eCyberbezpieczni \u2013 og\u00f3lnopolski program rozwoju kompetencji uczni\u00f3w i nauczycieli\u201d.<\/p>\n\n\n\n<p>Test rozwi\u0105zywa\u0142o prawie 4 tysi\u0105ce uczestnik\u00f3w z ca\u0142ej Polski. W\u015br\u00f3d 50 nagrodzonych laureat\u00f3w szk\u00f3\u0142 ponadpodstawowych znalaz\u0142o si\u0119 a\u017c 2 uczni\u00f3w Zespo\u0142u Szk\u00f3\u0142 Nr 3 im. Stanis\u0142awa Staszica we W\u0142oszczowie. S\u0105 to <strong>Krystian Pi\u0105tek<\/strong> i<strong> Mateusz Wi\u0119cek<\/strong> z klasy 5 technikum informatycznego, kt\u00f3rzy nie tylko rozwi\u0105zali test z najwy\u017cszym poziomem precyzji i szybko\u015bci, lecz tak\u017ce wykazali si\u0119 wyj\u0105tkow\u0105 wiedz\u0105 oraz zrozumieniem kluczowych kwestii dotycz\u0105cych bezpiecze\u0144stwa online.<\/p>\n\n\n\n<p>\u201eTo by\u0142a nie tylko \u015bwietna okazja do sprawdzenia swojej wiedzy o cyberbezpiecze\u0144stwie, ale r\u00f3wnie\u017c szansa na wygranie atrakcyjnych nagr\u00f3d\u201d m\u00f3wi\u0105 zwyci\u0119zcy, kt\u00f3rzy otrzymali&nbsp;<strong>bony o warto\u015bci 500 z\u0142 do wykorzystania na platformie Allegro<\/strong><strong>.<\/strong><strong> <\/strong><strong><\/strong><\/p>\n\n\n\n<p><strong>Serdecznie gratulujemy laureatom oraz wszystkim uczestnikom, kt\u00f3rzy <\/strong>otrzymali certyfikaty potwierdzaj\u0105ce udzia\u0142 w og\u00f3lnopolskim te\u015bcie wiedzy.<strong><\/strong><\/p>\n\n\n\n<p><strong><em>\u201eOd wielu lat nauczyciele informatyki promuj\u0105 w szkole i szerz\u0105 temat bezpiecze\u0144stwa w Internecie. Tym bardziej cieszy fakt, \u017ce edukacja w tym kierunku przynios\u0142a sukcesy naszym uczniom\u201d<\/em><\/strong><strong> &#8211; twierdzi pani Agnieszka \u0141\u0119cka \u2013 przewodnicz\u0105ca komisji przedmiot\u00f3w informatycznych w &#8222;Staszicu&#8221;.<\/strong><strong><\/strong><\/p>\n\n\n\n<p>Pani dyrektor ZS nr 3 Mariola Koza jest zadowolona, \u017ce w czasach, gdy \u015bwiat coraz bardziej ulega cyfryzacji, katedra informatyki stale troszczy si\u0119 o podnoszenie \u015bwiadomo\u015bci na temat cyberbezpiecze\u0144stwa&nbsp; nie tylko w szkole, ale i w \u015brodowisku lokalnym.<\/p>\n","protected":false},"excerpt":{"rendered":"<p>2 uczni\u00f3w Staszica laureatamiog\u00f3lnopolskiego konkursu \u201eCyberbezpieczni\u201d Na prze\u0142omie listopada i grudnia 2023 r. uczniowie naszej szko\u0142y wzi\u0119li udzia\u0142 w Og\u00f3lnopolskim [&hellip;]<\/p>\n","protected":false},"author":1,"featured_media":2468,"comment_status":"closed","ping_status":"closed","sticky":false,"template":"","format":"standard","meta":{"footnotes":""},"categories":[14,17,15],"tags":[],"class_list":["post-2467","post","type-post","status-publish","format-standard","has-post-thumbnail","hentry","category-informacja","category-konkurs","category-wydarzenie"],"_links":{"self":[{"href":"http:\/\/zsp3.pl\/index.php?rest_route=\/wp\/v2\/posts\/2467","targetHints":{"allow":["GET"]}}],"collection":[{"href":"http:\/\/zsp3.pl\/index.php?rest_route=\/wp\/v2\/posts"}],"about":[{"href":"http:\/\/zsp3.pl\/index.php?rest_route=\/wp\/v2\/types\/post"}],"author":[{"embeddable":true,"href":"http:\/\/zsp3.pl\/index.php?rest_route=\/wp\/v2\/users\/1"}],"replies":[{"embeddable":true,"href":"http:\/\/zsp3.pl\/index.php?rest_route=%2Fwp%2Fv2%2Fcomments&post=2467"}],"version-history":[{"count":1,"href":"http:\/\/zsp3.pl\/index.php?rest_route=\/wp\/v2\/posts\/2467\/revisions"}],"predecessor-version":[{"id":2469,"href":"http:\/\/zsp3.pl\/index.php?rest_route=\/wp\/v2\/posts\/2467\/revisions\/2469"}],"wp:featuredmedia":[{"embeddable":true,"href":"http:\/\/zsp3.pl\/index.php?rest_route=\/wp\/v2\/media\/2468"}],"wp:attachment":[{"href":"http:\/\/zsp3.pl\/index.php?rest_route=%2Fwp%2Fv2%2Fmedia&parent=2467"}],"wp:term":[{"taxonomy":"category","embeddable":true,"href":"http:\/\/zsp3.pl\/index.php?rest_route=%2Fwp%2Fv2%2Fcategories&post=2467"},{"taxonomy":"post_tag","embeddable":true,"href":"http:\/\/zsp3.pl\/index.php?rest_route=%2Fwp%2Fv2%2Ftags&post=2467"}],"curies":[{"name":"wp","href":"https:\/\/api.w.org\/{rel}","templated":true}]}}