{"id":2470,"date":"2023-12-20T14:38:38","date_gmt":"2023-12-20T14:38:38","guid":{"rendered":"http:\/\/zsp3.pl\/?p=2470"},"modified":"2023-12-20T14:38:39","modified_gmt":"2023-12-20T14:38:39","slug":"betlejemskie-swiatlo-pokoju","status":"publish","type":"post","link":"http:\/\/zsp3.pl\/?p=2470","title":{"rendered":"Betlejemskie \u015awiat\u0142o Pokoju"},"content":{"rendered":"<div class=\"wp-block-image\">\n<figure class=\"aligncenter size-full\"><img fetchpriority=\"high\" decoding=\"async\" width=\"720\" height=\"405\" src=\"http:\/\/zsp3.pl\/wp-content\/uploads\/2023\/12\/FB_IMG_1703104096336.jpg\" alt=\"\" class=\"wp-image-2471\" srcset=\"http:\/\/zsp3.pl\/wp-content\/uploads\/2023\/12\/FB_IMG_1703104096336.jpg 720w, http:\/\/zsp3.pl\/wp-content\/uploads\/2023\/12\/FB_IMG_1703104096336-300x169.jpg 300w\" sizes=\"(max-width: 720px) 100vw, 720px\" \/><\/figure>\n<\/div>\n\n\n<p>\u2002\u2002\u2002\u2002\u2002\u2002Pod has\u0142em &#8222;Czy\u0144my pok\u00f3j&#8221; odbywa si\u0119 coroczna akcja przekazywania Betlejemskiego \u015awiat\u0142a Pokoju. Przedstawicielki 10.Dru\u017cyny &#8222;Kaktus&#8221; Komendy Hufca ZHP Szczeci\u0144sko &#8211; W\u0142oszczowskiego im. A. Dawidowskiego ps. &#8222;Alek&#8221; przekaza\u0142y je na r\u0119ce Dyrektor ZS nr 3.<br>Betlejemskie \u015awiat\u0142o Pokoju zosta\u0142o zapalone przez austriackich skaut\u00f3w w Grocie Narodzenia Pa\u0144skiego w Betlejem i stanowi symbol pojednania mi\u0119dzy narodami.<\/p>\n","protected":false},"excerpt":{"rendered":"<p>\u2002\u2002\u2002\u2002\u2002\u2002Pod has\u0142em &#8222;Czy\u0144my pok\u00f3j&#8221; odbywa si\u0119 coroczna akcja przekazywania Betlejemskiego \u015awiat\u0142a Pokoju. Przedstawicielki 10.Dru\u017cyny &#8222;Kaktus&#8221; Komendy Hufca ZHP Szczeci\u0144sko &#8211; [&hellip;]<\/p>\n","protected":false},"author":1,"featured_media":2471,"comment_status":"closed","ping_status":"closed","sticky":false,"template":"","format":"standard","meta":{"footnotes":""},"categories":[14,15],"tags":[],"class_list":["post-2470","post","type-post","status-publish","format-standard","has-post-thumbnail","hentry","category-informacja","category-wydarzenie"],"_links":{"self":[{"href":"http:\/\/zsp3.pl\/index.php?rest_route=\/wp\/v2\/posts\/2470","targetHints":{"allow":["GET"]}}],"collection":[{"href":"http:\/\/zsp3.pl\/index.php?rest_route=\/wp\/v2\/posts"}],"about":[{"href":"http:\/\/zsp3.pl\/index.php?rest_route=\/wp\/v2\/types\/post"}],"author":[{"embeddable":true,"href":"http:\/\/zsp3.pl\/index.php?rest_route=\/wp\/v2\/users\/1"}],"replies":[{"embeddable":true,"href":"http:\/\/zsp3.pl\/index.php?rest_route=%2Fwp%2Fv2%2Fcomments&post=2470"}],"version-history":[{"count":1,"href":"http:\/\/zsp3.pl\/index.php?rest_route=\/wp\/v2\/posts\/2470\/revisions"}],"predecessor-version":[{"id":2472,"href":"http:\/\/zsp3.pl\/index.php?rest_route=\/wp\/v2\/posts\/2470\/revisions\/2472"}],"wp:featuredmedia":[{"embeddable":true,"href":"http:\/\/zsp3.pl\/index.php?rest_route=\/wp\/v2\/media\/2471"}],"wp:attachment":[{"href":"http:\/\/zsp3.pl\/index.php?rest_route=%2Fwp%2Fv2%2Fmedia&parent=2470"}],"wp:term":[{"taxonomy":"category","embeddable":true,"href":"http:\/\/zsp3.pl\/index.php?rest_route=%2Fwp%2Fv2%2Fcategories&post=2470"},{"taxonomy":"post_tag","embeddable":true,"href":"http:\/\/zsp3.pl\/index.php?rest_route=%2Fwp%2Fv2%2Ftags&post=2470"}],"curies":[{"name":"wp","href":"https:\/\/api.w.org\/{rel}","templated":true}]}}