{"id":3853,"date":"2024-04-21T19:13:17","date_gmt":"2024-04-21T19:13:17","guid":{"rendered":"http:\/\/zsp3.pl\/?p=3853"},"modified":"2024-04-21T19:13:19","modified_gmt":"2024-04-21T19:13:19","slug":"sukces-filipa-maciejczyka","status":"publish","type":"post","link":"http:\/\/zsp3.pl\/?p=3853","title":{"rendered":"Sukces Filipa Maciejczyka"},"content":{"rendered":"\n<figure class=\"wp-block-image size-full\"><img fetchpriority=\"high\" decoding=\"async\" width=\"1024\" height=\"683\" src=\"http:\/\/zsp3.pl\/wp-content\/uploads\/2024\/04\/Messenger_creation_1bce3598-14e7-45d3-b747-80c31cad4eac.jpeg\" alt=\"\" class=\"wp-image-3855\" srcset=\"http:\/\/zsp3.pl\/wp-content\/uploads\/2024\/04\/Messenger_creation_1bce3598-14e7-45d3-b747-80c31cad4eac.jpeg 1024w, http:\/\/zsp3.pl\/wp-content\/uploads\/2024\/04\/Messenger_creation_1bce3598-14e7-45d3-b747-80c31cad4eac-300x200.jpeg 300w, http:\/\/zsp3.pl\/wp-content\/uploads\/2024\/04\/Messenger_creation_1bce3598-14e7-45d3-b747-80c31cad4eac-768x512.jpeg 768w\" sizes=\"(max-width: 1024px) 100vw, 1024px\" \/><\/figure>\n\n\n<div class=\"wp-block-image\">\n<figure class=\"aligncenter size-full\"><img decoding=\"async\" width=\"300\" height=\"200\" src=\"http:\/\/zsp3.pl\/wp-content\/uploads\/2024\/04\/Messenger_creation_37e93316-f58e-4c19-a88f-bf5a3c38253f-1.jpeg\" alt=\"\" class=\"wp-image-3856\"\/><\/figure>\n<\/div>\n\n\n<p><strong>\u2002\u2002\u2002\u2002\u2002\u2002W sali Narad Komendy Wojew\u00f3dzkiej Policji w Kielcach odby\u0142a si\u0119 konferencja &#8222;Rodzina Policyjna 1939 roku&#8221;. W jej trakcie zosta\u0142y wr\u0119czone nagrody zwyci\u0119zcom Wojew\u00f3dzkiego Konkursu Historycznego wiedzy o Policji.&nbsp;<\/strong><\/p>\n\n\n\n<p><strong>Pragniemy poinformowa\u0107, \u017ce ucze\u0144 naszej szko\u0142y, Filip Maciejczyk z I a LO zaj\u0105\u0142 w nim III miejsce.<\/strong><\/p>\n\n\n\n<p><strong>Gratulujemy sukcesu!!!<\/strong><\/p>\n","protected":false},"excerpt":{"rendered":"<p>\u2002\u2002\u2002\u2002\u2002\u2002W sali Narad Komendy Wojew\u00f3dzkiej Policji w Kielcach odby\u0142a si\u0119 konferencja &#8222;Rodzina Policyjna 1939 roku&#8221;. W jej trakcie zosta\u0142y wr\u0119czone [&hellip;]<\/p>\n","protected":false},"author":1,"featured_media":3855,"comment_status":"closed","ping_status":"closed","sticky":false,"template":"","format":"standard","meta":{"footnotes":""},"categories":[14,17],"tags":[],"class_list":["post-3853","post","type-post","status-publish","format-standard","has-post-thumbnail","hentry","category-informacja","category-konkurs"],"_links":{"self":[{"href":"http:\/\/zsp3.pl\/index.php?rest_route=\/wp\/v2\/posts\/3853","targetHints":{"allow":["GET"]}}],"collection":[{"href":"http:\/\/zsp3.pl\/index.php?rest_route=\/wp\/v2\/posts"}],"about":[{"href":"http:\/\/zsp3.pl\/index.php?rest_route=\/wp\/v2\/types\/post"}],"author":[{"embeddable":true,"href":"http:\/\/zsp3.pl\/index.php?rest_route=\/wp\/v2\/users\/1"}],"replies":[{"embeddable":true,"href":"http:\/\/zsp3.pl\/index.php?rest_route=%2Fwp%2Fv2%2Fcomments&post=3853"}],"version-history":[{"count":1,"href":"http:\/\/zsp3.pl\/index.php?rest_route=\/wp\/v2\/posts\/3853\/revisions"}],"predecessor-version":[{"id":3857,"href":"http:\/\/zsp3.pl\/index.php?rest_route=\/wp\/v2\/posts\/3853\/revisions\/3857"}],"wp:featuredmedia":[{"embeddable":true,"href":"http:\/\/zsp3.pl\/index.php?rest_route=\/wp\/v2\/media\/3855"}],"wp:attachment":[{"href":"http:\/\/zsp3.pl\/index.php?rest_route=%2Fwp%2Fv2%2Fmedia&parent=3853"}],"wp:term":[{"taxonomy":"category","embeddable":true,"href":"http:\/\/zsp3.pl\/index.php?rest_route=%2Fwp%2Fv2%2Fcategories&post=3853"},{"taxonomy":"post_tag","embeddable":true,"href":"http:\/\/zsp3.pl\/index.php?rest_route=%2Fwp%2Fv2%2Ftags&post=3853"}],"curies":[{"name":"wp","href":"https:\/\/api.w.org\/{rel}","templated":true}]}}