{"id":4377,"date":"2024-06-17T15:14:13","date_gmt":"2024-06-17T15:14:13","guid":{"rendered":"http:\/\/zsp3.pl\/?p=4377"},"modified":"2024-06-17T15:14:15","modified_gmt":"2024-06-17T15:14:15","slug":"lazienka-dla-niepelnosprawnych-w-internacie-przy-zs-nr-3-we-wloszczowie","status":"publish","type":"post","link":"http:\/\/zsp3.pl\/?p=4377","title":{"rendered":"\u0141azienka dla niepe\u0142nosprawnych w internacie przy ZS nr 3 we W\u0142oszczowie"},"content":{"rendered":"\n<figure class=\"wp-block-image size-large\"><img fetchpriority=\"high\" decoding=\"async\" width=\"768\" height=\"1024\" src=\"http:\/\/zsp3.pl\/wp-content\/uploads\/2024\/06\/20240613_115636-1-768x1024.jpg\" alt=\"\" class=\"wp-image-4382\" srcset=\"http:\/\/zsp3.pl\/wp-content\/uploads\/2024\/06\/20240613_115636-1-768x1024.jpg 768w, http:\/\/zsp3.pl\/wp-content\/uploads\/2024\/06\/20240613_115636-1-225x300.jpg 225w, http:\/\/zsp3.pl\/wp-content\/uploads\/2024\/06\/20240613_115636-1-1152x1536.jpg 1152w, http:\/\/zsp3.pl\/wp-content\/uploads\/2024\/06\/20240613_115636-1-1536x2048.jpg 1536w, http:\/\/zsp3.pl\/wp-content\/uploads\/2024\/06\/20240613_115636-1-scaled.jpg 1920w\" sizes=\"(max-width: 768px) 100vw, 768px\" \/><\/figure>\n\n\n\n<figure class=\"wp-block-image size-large\"><img decoding=\"async\" width=\"768\" height=\"1024\" src=\"http:\/\/zsp3.pl\/wp-content\/uploads\/2024\/06\/20240613_115624-1-768x1024.jpg\" alt=\"\" class=\"wp-image-4383\" srcset=\"http:\/\/zsp3.pl\/wp-content\/uploads\/2024\/06\/20240613_115624-1-768x1024.jpg 768w, http:\/\/zsp3.pl\/wp-content\/uploads\/2024\/06\/20240613_115624-1-225x300.jpg 225w, http:\/\/zsp3.pl\/wp-content\/uploads\/2024\/06\/20240613_115624-1-1152x1536.jpg 1152w, http:\/\/zsp3.pl\/wp-content\/uploads\/2024\/06\/20240613_115624-1-1536x2048.jpg 1536w, http:\/\/zsp3.pl\/wp-content\/uploads\/2024\/06\/20240613_115624-1-scaled.jpg 1920w\" sizes=\"(max-width: 768px) 100vw, 768px\" \/><\/figure>\n\n\n\n<figure class=\"wp-block-image size-large\"><img decoding=\"async\" width=\"768\" height=\"1024\" src=\"http:\/\/zsp3.pl\/wp-content\/uploads\/2024\/06\/20240613_115614-1-768x1024.jpg\" alt=\"\" class=\"wp-image-4384\" srcset=\"http:\/\/zsp3.pl\/wp-content\/uploads\/2024\/06\/20240613_115614-1-768x1024.jpg 768w, http:\/\/zsp3.pl\/wp-content\/uploads\/2024\/06\/20240613_115614-1-225x300.jpg 225w, http:\/\/zsp3.pl\/wp-content\/uploads\/2024\/06\/20240613_115614-1-1152x1536.jpg 1152w, http:\/\/zsp3.pl\/wp-content\/uploads\/2024\/06\/20240613_115614-1-1536x2048.jpg 1536w, http:\/\/zsp3.pl\/wp-content\/uploads\/2024\/06\/20240613_115614-1-scaled.jpg 1920w\" sizes=\"(max-width: 768px) 100vw, 768px\" \/><\/figure>\n\n\n\n<figure class=\"wp-block-image size-large\"><img loading=\"lazy\" decoding=\"async\" width=\"768\" height=\"1024\" src=\"http:\/\/zsp3.pl\/wp-content\/uploads\/2024\/06\/20240613_115454-768x1024.jpg\" alt=\"\" class=\"wp-image-4385\" srcset=\"http:\/\/zsp3.pl\/wp-content\/uploads\/2024\/06\/20240613_115454-768x1024.jpg 768w, http:\/\/zsp3.pl\/wp-content\/uploads\/2024\/06\/20240613_115454-225x300.jpg 225w, http:\/\/zsp3.pl\/wp-content\/uploads\/2024\/06\/20240613_115454-1152x1536.jpg 1152w, http:\/\/zsp3.pl\/wp-content\/uploads\/2024\/06\/20240613_115454-1536x2048.jpg 1536w, http:\/\/zsp3.pl\/wp-content\/uploads\/2024\/06\/20240613_115454-scaled.jpg 1920w\" sizes=\"(max-width: 768px) 100vw, 768px\" \/><\/figure>\n\n\n\n<p>Dzi\u0119ki dofinansowaniu projektu w ramach programu &#8222;Dost\u0119pna przestrze\u0144 publiczna&#8221; uda\u0142o si\u0119 zrealizowa\u0107 zadanie polegaj\u0105ce na wyremontowaniu i przystosowaniu \u0142azienki w internacie dla os\u00f3b niepe\u0142nosprawnych przy Zespole Szk\u00f3\u0142 Nr 3 im. Stanis\u0142awa Staszica we W\u0142oszczowie.<br>Realizacja projektu umo\u017cliwia osobie niepe\u0142nosprawnej samodzielne korzystanie z toalety i wykonanie w niej podstawowych czynno\u015bci piel\u0119gnacyjnych. Pomieszczenie zosta\u0142o wykonane z my\u015bl\u0105 o niepe\u0142nosprawnych uczniach szko\u0142y, kt\u00f3rzy dzi\u0119ki temu udogodnieniu b\u0119d\u0105 mogli zamieszka\u0107 w naszym internacie.<br>\u0141azienka zosta\u0142a wykonana w ramach modu\u0142u programu A: Likwidacja barier architektonicznych lub informacyjno-komunikacyjnych przez jednostki samorz\u0105du terytorialnego lub ich jednostki organizacyjne, dzi\u0119ki dofinansowaniu z PFRON.<\/p>\n","protected":false},"excerpt":{"rendered":"<p>Dzi\u0119ki dofinansowaniu projektu w ramach programu &#8222;Dost\u0119pna przestrze\u0144 publiczna&#8221; uda\u0142o si\u0119 zrealizowa\u0107 zadanie polegaj\u0105ce na wyremontowaniu i przystosowaniu \u0142azienki w [&hellip;]<\/p>\n","protected":false},"author":1,"featured_media":4382,"comment_status":"closed","ping_status":"closed","sticky":false,"template":"","format":"standard","meta":{"footnotes":""},"categories":[14,18,23],"tags":[],"class_list":["post-4377","post","type-post","status-publish","format-standard","has-post-thumbnail","hentry","category-informacja","category-inne","category-projekty"],"_links":{"self":[{"href":"http:\/\/zsp3.pl\/index.php?rest_route=\/wp\/v2\/posts\/4377","targetHints":{"allow":["GET"]}}],"collection":[{"href":"http:\/\/zsp3.pl\/index.php?rest_route=\/wp\/v2\/posts"}],"about":[{"href":"http:\/\/zsp3.pl\/index.php?rest_route=\/wp\/v2\/types\/post"}],"author":[{"embeddable":true,"href":"http:\/\/zsp3.pl\/index.php?rest_route=\/wp\/v2\/users\/1"}],"replies":[{"embeddable":true,"href":"http:\/\/zsp3.pl\/index.php?rest_route=%2Fwp%2Fv2%2Fcomments&post=4377"}],"version-history":[{"count":2,"href":"http:\/\/zsp3.pl\/index.php?rest_route=\/wp\/v2\/posts\/4377\/revisions"}],"predecessor-version":[{"id":4386,"href":"http:\/\/zsp3.pl\/index.php?rest_route=\/wp\/v2\/posts\/4377\/revisions\/4386"}],"wp:featuredmedia":[{"embeddable":true,"href":"http:\/\/zsp3.pl\/index.php?rest_route=\/wp\/v2\/media\/4382"}],"wp:attachment":[{"href":"http:\/\/zsp3.pl\/index.php?rest_route=%2Fwp%2Fv2%2Fmedia&parent=4377"}],"wp:term":[{"taxonomy":"category","embeddable":true,"href":"http:\/\/zsp3.pl\/index.php?rest_route=%2Fwp%2Fv2%2Fcategories&post=4377"},{"taxonomy":"post_tag","embeddable":true,"href":"http:\/\/zsp3.pl\/index.php?rest_route=%2Fwp%2Fv2%2Ftags&post=4377"}],"curies":[{"name":"wp","href":"https:\/\/api.w.org\/{rel}","templated":true}]}}