{"id":4398,"date":"2024-06-19T21:24:25","date_gmt":"2024-06-19T21:24:25","guid":{"rendered":"http:\/\/zsp3.pl\/?p=4398"},"modified":"2024-06-19T21:24:26","modified_gmt":"2024-06-19T21:24:26","slug":"uczniowie-staszica-wyroznieni-w-konkursie","status":"publish","type":"post","link":"http:\/\/zsp3.pl\/?p=4398","title":{"rendered":"Uczniowie &#8222;Staszica&#8221; wyr\u00f3\u017cnieni\u00a0 w konkursie\u00a0"},"content":{"rendered":"<div class=\"wp-block-image\">\n<figure class=\"aligncenter size-large\"><img fetchpriority=\"high\" decoding=\"async\" width=\"768\" height=\"1024\" src=\"http:\/\/zsp3.pl\/wp-content\/uploads\/2024\/06\/1000000293-768x1024.jpg\" alt=\"\" class=\"wp-image-4400\" srcset=\"http:\/\/zsp3.pl\/wp-content\/uploads\/2024\/06\/1000000293-768x1024.jpg 768w, http:\/\/zsp3.pl\/wp-content\/uploads\/2024\/06\/1000000293-225x300.jpg 225w, http:\/\/zsp3.pl\/wp-content\/uploads\/2024\/06\/1000000293-1152x1536.jpg 1152w, http:\/\/zsp3.pl\/wp-content\/uploads\/2024\/06\/1000000293.jpg 1200w\" sizes=\"(max-width: 768px) 100vw, 768px\" \/><\/figure>\n<\/div>\n\n<div class=\"wp-block-image\">\n<figure class=\"aligncenter size-large\"><img decoding=\"async\" width=\"1024\" height=\"768\" src=\"http:\/\/zsp3.pl\/wp-content\/uploads\/2024\/06\/1000000290-1024x768.jpg\" alt=\"\" class=\"wp-image-4399\" srcset=\"http:\/\/zsp3.pl\/wp-content\/uploads\/2024\/06\/1000000290-1024x768.jpg 1024w, http:\/\/zsp3.pl\/wp-content\/uploads\/2024\/06\/1000000290-300x225.jpg 300w, http:\/\/zsp3.pl\/wp-content\/uploads\/2024\/06\/1000000290-768x576.jpg 768w, http:\/\/zsp3.pl\/wp-content\/uploads\/2024\/06\/1000000290-1536x1152.jpg 1536w, http:\/\/zsp3.pl\/wp-content\/uploads\/2024\/06\/1000000290-600x450.jpg 600w, http:\/\/zsp3.pl\/wp-content\/uploads\/2024\/06\/1000000290.jpg 1600w\" sizes=\"(max-width: 1024px) 100vw, 1024px\" \/><\/figure>\n<\/div>\n\n\n<p>\u2002\u2002\u2002\u2002\u2002\u200211. 06. 2024 r. uczniowie naszej szko\u0142y wraz z opiekunem &#8211; pani\u0105 Agnieszk\u0105 \u0141\u0119ck\u0105 &#8211; uczestniczyli w gali rozdania nagr\u00f3d w konkursie \u201eAI w edukacji &#8211; przysz\u0142o\u015b\u0107 vs zagro\u017cenie\u201d, odbywaj\u0105cej si\u0119 w ramach I \u015awi\u0119tokrzyskiego Forum Edukacji Ustawicznej.&nbsp; Wydarzenie zorganizowane zosta\u0142o przez Wojew\u00f3dzki Urz\u0105d Pracy&nbsp;w Centrum Kongresowym Targ\u00f3w Kielce.&nbsp;<\/p>\n\n\n\n<p>Gal\u0119 u\u015bwietni\u0142 koncert artystyczny Piotra Resteka Resteckiego- kompozytora i mistrza gitary.&nbsp;<\/p>\n\n\n\n<p>Ogromne brawa dla naszego zespo\u0142u konkursowego w sk\u0142adzie: Filip Maciejczyk z klasy 1a LO oraz z klasy 4 TI: Kacper Turczyn, Mateusz Cholerzy\u0144ski, Krzysztof B\u0105k i Sebastian Stolarski. Uczniowie otrzymali statuetk\u0119 i dyplomy.<\/p>\n\n\n\n<p>Jeste\u015bcie wspaniali. Dzi\u0119kujemy za Wasze ch\u0119ci i ogrom pracy w\u0142o\u017cony w przygotowanie filmu.<\/p>\n","protected":false},"excerpt":{"rendered":"<p>\u2002\u2002\u2002\u2002\u2002\u200211. 06. 2024 r. uczniowie naszej szko\u0142y wraz z opiekunem &#8211; pani\u0105 Agnieszk\u0105 \u0141\u0119ck\u0105 &#8211; uczestniczyli w gali rozdania nagr\u00f3d [&hellip;]<\/p>\n","protected":false},"author":1,"featured_media":4400,"comment_status":"closed","ping_status":"closed","sticky":false,"template":"","format":"standard","meta":{"footnotes":""},"categories":[14,17,15],"tags":[],"class_list":["post-4398","post","type-post","status-publish","format-standard","has-post-thumbnail","hentry","category-informacja","category-konkurs","category-wydarzenie"],"_links":{"self":[{"href":"http:\/\/zsp3.pl\/index.php?rest_route=\/wp\/v2\/posts\/4398","targetHints":{"allow":["GET"]}}],"collection":[{"href":"http:\/\/zsp3.pl\/index.php?rest_route=\/wp\/v2\/posts"}],"about":[{"href":"http:\/\/zsp3.pl\/index.php?rest_route=\/wp\/v2\/types\/post"}],"author":[{"embeddable":true,"href":"http:\/\/zsp3.pl\/index.php?rest_route=\/wp\/v2\/users\/1"}],"replies":[{"embeddable":true,"href":"http:\/\/zsp3.pl\/index.php?rest_route=%2Fwp%2Fv2%2Fcomments&post=4398"}],"version-history":[{"count":1,"href":"http:\/\/zsp3.pl\/index.php?rest_route=\/wp\/v2\/posts\/4398\/revisions"}],"predecessor-version":[{"id":4401,"href":"http:\/\/zsp3.pl\/index.php?rest_route=\/wp\/v2\/posts\/4398\/revisions\/4401"}],"wp:featuredmedia":[{"embeddable":true,"href":"http:\/\/zsp3.pl\/index.php?rest_route=\/wp\/v2\/media\/4400"}],"wp:attachment":[{"href":"http:\/\/zsp3.pl\/index.php?rest_route=%2Fwp%2Fv2%2Fmedia&parent=4398"}],"wp:term":[{"taxonomy":"category","embeddable":true,"href":"http:\/\/zsp3.pl\/index.php?rest_route=%2Fwp%2Fv2%2Fcategories&post=4398"},{"taxonomy":"post_tag","embeddable":true,"href":"http:\/\/zsp3.pl\/index.php?rest_route=%2Fwp%2Fv2%2Ftags&post=4398"}],"curies":[{"name":"wp","href":"https:\/\/api.w.org\/{rel}","templated":true}]}}