{"id":4405,"date":"2024-06-19T22:01:17","date_gmt":"2024-06-19T22:01:17","guid":{"rendered":"http:\/\/zsp3.pl\/?p=4405"},"modified":"2024-06-19T22:01:19","modified_gmt":"2024-06-19T22:01:19","slug":"czytanie-w-plenerze-z-biblioteka-pedagogiczna-w-kielcach-filia-we-wloszczowie","status":"publish","type":"post","link":"http:\/\/zsp3.pl\/?p=4405","title":{"rendered":"Czytanie w plenerze z Biblioteka Pedagogiczn\u0105 w Kielcach Filia we W\u0142oszczowie"},"content":{"rendered":"\n<figure class=\"wp-block-image size-large\"><img fetchpriority=\"high\" decoding=\"async\" width=\"1024\" height=\"127\" src=\"http:\/\/zsp3.pl\/wp-content\/uploads\/2024\/06\/nprcz-belka-men-kolor-rgb-1-1024x127.jpg\" alt=\"\" class=\"wp-image-4406\" srcset=\"http:\/\/zsp3.pl\/wp-content\/uploads\/2024\/06\/nprcz-belka-men-kolor-rgb-1-1024x127.jpg 1024w, http:\/\/zsp3.pl\/wp-content\/uploads\/2024\/06\/nprcz-belka-men-kolor-rgb-1-300x37.jpg 300w, http:\/\/zsp3.pl\/wp-content\/uploads\/2024\/06\/nprcz-belka-men-kolor-rgb-1-768x96.jpg 768w, http:\/\/zsp3.pl\/wp-content\/uploads\/2024\/06\/nprcz-belka-men-kolor-rgb-1-1536x191.jpg 1536w, http:\/\/zsp3.pl\/wp-content\/uploads\/2024\/06\/nprcz-belka-men-kolor-rgb-1-2048x255.jpg 2048w\" sizes=\"(max-width: 1024px) 100vw, 1024px\" \/><\/figure>\n\n\n\n<figure class=\"wp-block-image size-large\"><img decoding=\"async\" width=\"1024\" height=\"1024\" src=\"http:\/\/zsp3.pl\/wp-content\/uploads\/2024\/06\/20240610_105937-1024x1024.jpg\" alt=\"\" class=\"wp-image-4408\" srcset=\"http:\/\/zsp3.pl\/wp-content\/uploads\/2024\/06\/20240610_105937-1024x1024.jpg 1024w, http:\/\/zsp3.pl\/wp-content\/uploads\/2024\/06\/20240610_105937-300x300.jpg 300w, http:\/\/zsp3.pl\/wp-content\/uploads\/2024\/06\/20240610_105937-150x150.jpg 150w, http:\/\/zsp3.pl\/wp-content\/uploads\/2024\/06\/20240610_105937-768x768.jpg 768w, http:\/\/zsp3.pl\/wp-content\/uploads\/2024\/06\/20240610_105937-1536x1536.jpg 1536w, http:\/\/zsp3.pl\/wp-content\/uploads\/2024\/06\/20240610_105937-2048x2048.jpg 2048w, http:\/\/zsp3.pl\/wp-content\/uploads\/2024\/06\/20240610_105937-500x500.jpg 500w\" sizes=\"(max-width: 1024px) 100vw, 1024px\" \/><\/figure>\n\n\n\n<figure class=\"wp-block-image size-large\"><img decoding=\"async\" width=\"1024\" height=\"1024\" src=\"http:\/\/zsp3.pl\/wp-content\/uploads\/2024\/06\/20240610_105157-1024x1024.jpg\" alt=\"\" class=\"wp-image-4407\" srcset=\"http:\/\/zsp3.pl\/wp-content\/uploads\/2024\/06\/20240610_105157-1024x1024.jpg 1024w, http:\/\/zsp3.pl\/wp-content\/uploads\/2024\/06\/20240610_105157-300x300.jpg 300w, http:\/\/zsp3.pl\/wp-content\/uploads\/2024\/06\/20240610_105157-150x150.jpg 150w, http:\/\/zsp3.pl\/wp-content\/uploads\/2024\/06\/20240610_105157-768x768.jpg 768w, http:\/\/zsp3.pl\/wp-content\/uploads\/2024\/06\/20240610_105157-1536x1536.jpg 1536w, http:\/\/zsp3.pl\/wp-content\/uploads\/2024\/06\/20240610_105157-2048x2048.jpg 2048w, http:\/\/zsp3.pl\/wp-content\/uploads\/2024\/06\/20240610_105157-500x500.jpg 500w\" sizes=\"(max-width: 1024px) 100vw, 1024px\" \/><\/figure>\n\n\n\n<p>Czytanie w plenerze z Biblioteka Pedagogiczn\u0105 w Kielcach Filia we W\u0142oszczowie W dn. 10.06.24 r. uczniowie klasy 1 TME w towarzystwie pani Anny Szczeci\u0144skiej z Biblioteki Pedagogicznej w Kielcach Filia we W\u0142oszczowie czytali w plenerze. Nie straszny by\u0142 im deszcz ani zawierucha, poznali ciekawe historie, ale przede wszystkim wcielili si\u0119 w aktor\u00f3w &#8211; debiutant\u00f3w &#8211; w teatrzyku kamishibai &#8221; O orle, kt\u00f3ry my\u015bla\u0142, \u017ce jest kogutem&#8221;. Kuba i Filip byli w tym niezr\u00f3wnani, co widoczne jest na za\u0142\u0105czonych zdj\u0119ciach.<\/p>\n","protected":false},"excerpt":{"rendered":"<p>Czytanie w plenerze z Biblioteka Pedagogiczn\u0105 w Kielcach Filia we W\u0142oszczowie W dn. 10.06.24 r. uczniowie klasy 1 TME w [&hellip;]<\/p>\n","protected":false},"author":1,"featured_media":4407,"comment_status":"closed","ping_status":"closed","sticky":false,"template":"","format":"standard","meta":{"footnotes":""},"categories":[14,23,15],"tags":[],"class_list":["post-4405","post","type-post","status-publish","format-standard","has-post-thumbnail","hentry","category-informacja","category-projekty","category-wydarzenie"],"_links":{"self":[{"href":"http:\/\/zsp3.pl\/index.php?rest_route=\/wp\/v2\/posts\/4405","targetHints":{"allow":["GET"]}}],"collection":[{"href":"http:\/\/zsp3.pl\/index.php?rest_route=\/wp\/v2\/posts"}],"about":[{"href":"http:\/\/zsp3.pl\/index.php?rest_route=\/wp\/v2\/types\/post"}],"author":[{"embeddable":true,"href":"http:\/\/zsp3.pl\/index.php?rest_route=\/wp\/v2\/users\/1"}],"replies":[{"embeddable":true,"href":"http:\/\/zsp3.pl\/index.php?rest_route=%2Fwp%2Fv2%2Fcomments&post=4405"}],"version-history":[{"count":1,"href":"http:\/\/zsp3.pl\/index.php?rest_route=\/wp\/v2\/posts\/4405\/revisions"}],"predecessor-version":[{"id":4409,"href":"http:\/\/zsp3.pl\/index.php?rest_route=\/wp\/v2\/posts\/4405\/revisions\/4409"}],"wp:featuredmedia":[{"embeddable":true,"href":"http:\/\/zsp3.pl\/index.php?rest_route=\/wp\/v2\/media\/4407"}],"wp:attachment":[{"href":"http:\/\/zsp3.pl\/index.php?rest_route=%2Fwp%2Fv2%2Fmedia&parent=4405"}],"wp:term":[{"taxonomy":"category","embeddable":true,"href":"http:\/\/zsp3.pl\/index.php?rest_route=%2Fwp%2Fv2%2Fcategories&post=4405"},{"taxonomy":"post_tag","embeddable":true,"href":"http:\/\/zsp3.pl\/index.php?rest_route=%2Fwp%2Fv2%2Ftags&post=4405"}],"curies":[{"name":"wp","href":"https:\/\/api.w.org\/{rel}","templated":true}]}}