{"id":4595,"date":"2024-09-26T08:45:59","date_gmt":"2024-09-26T08:45:59","guid":{"rendered":"http:\/\/zsp3.pl\/?p=4595"},"modified":"2024-09-26T08:46:01","modified_gmt":"2024-09-26T08:46:01","slug":"przystanek-historia","status":"publish","type":"post","link":"http:\/\/zsp3.pl\/?p=4595","title":{"rendered":"PRZYSTANEK HISTORIA"},"content":{"rendered":"\n<figure class=\"wp-block-image size-large\"><img fetchpriority=\"high\" decoding=\"async\" width=\"1024\" height=\"768\" src=\"http:\/\/zsp3.pl\/wp-content\/uploads\/2024\/09\/1000007391-1024x768.jpg\" alt=\"\" class=\"wp-image-4596\" srcset=\"http:\/\/zsp3.pl\/wp-content\/uploads\/2024\/09\/1000007391-1024x768.jpg 1024w, http:\/\/zsp3.pl\/wp-content\/uploads\/2024\/09\/1000007391-300x225.jpg 300w, http:\/\/zsp3.pl\/wp-content\/uploads\/2024\/09\/1000007391-768x576.jpg 768w, http:\/\/zsp3.pl\/wp-content\/uploads\/2024\/09\/1000007391-600x450.jpg 600w, http:\/\/zsp3.pl\/wp-content\/uploads\/2024\/09\/1000007391.jpg 1080w\" sizes=\"(max-width: 1024px) 100vw, 1024px\" \/><\/figure>\n\n\n\n<figure class=\"wp-block-image size-full\"><img decoding=\"async\" width=\"720\" height=\"960\" src=\"http:\/\/zsp3.pl\/wp-content\/uploads\/2024\/09\/1000007393.jpg\" alt=\"\" class=\"wp-image-4597\" srcset=\"http:\/\/zsp3.pl\/wp-content\/uploads\/2024\/09\/1000007393.jpg 720w, http:\/\/zsp3.pl\/wp-content\/uploads\/2024\/09\/1000007393-225x300.jpg 225w\" sizes=\"(max-width: 720px) 100vw, 720px\" \/><\/figure>\n\n\n\n<p>\u2002\u2002\u2002\u2002\u2002\u2002W dn. 16-17.09.2024 r. uczniowie klas: 2 TME, 2 a LO i 3 a LO odwiedzili Mobilny Przystanek Historia.&nbsp; Instytut Pami\u0119ci Narodowej, wychodz\u0105c na przeciw oczekiwaniom m\u0142odego cz\u0142owieka, przygotowa\u0142 projekt VR&nbsp; z grami historycznymi : &#8222;Lotnicy&#8221;, &#8222;Gra szyfr\u00f3w&#8221;, &#8222;Warsaw Rising&#8221;, &#8222;\u015awiadectwo Pomocy&#8221;, &#8222;Szybowcowa &#8217;87&#8221;.&nbsp; &nbsp; &nbsp; &nbsp; &nbsp; &nbsp;W ten spos\u00f3b nowoczesne technologie przyczyniaj\u0105 si\u0119 do nauki historii.<\/p>\n\n\n\n<p>Opiekunami uczni\u00f3w byli: p. Wioletta Banach, p. Monika Bartocha, p. Dawid W\u00f3jcik i p. Piotr Czarny Marsza\u0142ek.&nbsp;<\/p>\n","protected":false},"excerpt":{"rendered":"<p>\u2002\u2002\u2002\u2002\u2002\u2002W dn. 16-17.09.2024 r. uczniowie klas: 2 TME, 2 a LO i 3 a LO odwiedzili Mobilny Przystanek Historia.&nbsp; Instytut [&hellip;]<\/p>\n","protected":false},"author":1,"featured_media":4596,"comment_status":"closed","ping_status":"closed","sticky":false,"template":"","format":"standard","meta":{"footnotes":""},"categories":[14,13],"tags":[],"class_list":["post-4595","post","type-post","status-publish","format-standard","has-post-thumbnail","hentry","category-informacja","category-wycieczka"],"_links":{"self":[{"href":"http:\/\/zsp3.pl\/index.php?rest_route=\/wp\/v2\/posts\/4595","targetHints":{"allow":["GET"]}}],"collection":[{"href":"http:\/\/zsp3.pl\/index.php?rest_route=\/wp\/v2\/posts"}],"about":[{"href":"http:\/\/zsp3.pl\/index.php?rest_route=\/wp\/v2\/types\/post"}],"author":[{"embeddable":true,"href":"http:\/\/zsp3.pl\/index.php?rest_route=\/wp\/v2\/users\/1"}],"replies":[{"embeddable":true,"href":"http:\/\/zsp3.pl\/index.php?rest_route=%2Fwp%2Fv2%2Fcomments&post=4595"}],"version-history":[{"count":1,"href":"http:\/\/zsp3.pl\/index.php?rest_route=\/wp\/v2\/posts\/4595\/revisions"}],"predecessor-version":[{"id":4598,"href":"http:\/\/zsp3.pl\/index.php?rest_route=\/wp\/v2\/posts\/4595\/revisions\/4598"}],"wp:featuredmedia":[{"embeddable":true,"href":"http:\/\/zsp3.pl\/index.php?rest_route=\/wp\/v2\/media\/4596"}],"wp:attachment":[{"href":"http:\/\/zsp3.pl\/index.php?rest_route=%2Fwp%2Fv2%2Fmedia&parent=4595"}],"wp:term":[{"taxonomy":"category","embeddable":true,"href":"http:\/\/zsp3.pl\/index.php?rest_route=%2Fwp%2Fv2%2Fcategories&post=4595"},{"taxonomy":"post_tag","embeddable":true,"href":"http:\/\/zsp3.pl\/index.php?rest_route=%2Fwp%2Fv2%2Ftags&post=4595"}],"curies":[{"name":"wp","href":"https:\/\/api.w.org\/{rel}","templated":true}]}}