{"id":4599,"date":"2024-09-26T08:49:24","date_gmt":"2024-09-26T08:49:24","guid":{"rendered":"http:\/\/zsp3.pl\/?p=4599"},"modified":"2024-09-26T08:49:25","modified_gmt":"2024-09-26T08:49:25","slug":"uczniowie-staszica-w-shanghaju","status":"publish","type":"post","link":"http:\/\/zsp3.pl\/?p=4599","title":{"rendered":"Uczniowie &#8222;Staszica&#8221; w Shanghaju!!"},"content":{"rendered":"\n<figure class=\"wp-block-image size-large\"><img fetchpriority=\"high\" decoding=\"async\" width=\"1024\" height=\"683\" src=\"http:\/\/zsp3.pl\/wp-content\/uploads\/2024\/09\/1000007185-1024x683.jpg\" alt=\"\" class=\"wp-image-4600\" srcset=\"http:\/\/zsp3.pl\/wp-content\/uploads\/2024\/09\/1000007185-1024x683.jpg 1024w, http:\/\/zsp3.pl\/wp-content\/uploads\/2024\/09\/1000007185-300x200.jpg 300w, http:\/\/zsp3.pl\/wp-content\/uploads\/2024\/09\/1000007185-768x512.jpg 768w, http:\/\/zsp3.pl\/wp-content\/uploads\/2024\/09\/1000007185.jpg 1080w\" sizes=\"(max-width: 1024px) 100vw, 1024px\" \/><\/figure>\n\n\n<div class=\"wp-block-image\">\n<figure class=\"aligncenter size-large\"><img decoding=\"async\" width=\"768\" height=\"1024\" src=\"http:\/\/zsp3.pl\/wp-content\/uploads\/2024\/09\/Messenger_creation_298F12B1-FDEE-446A-AE36-F76AC3308796-768x1024.jpeg\" alt=\"\" class=\"wp-image-4601\" srcset=\"http:\/\/zsp3.pl\/wp-content\/uploads\/2024\/09\/Messenger_creation_298F12B1-FDEE-446A-AE36-F76AC3308796-768x1024.jpeg 768w, http:\/\/zsp3.pl\/wp-content\/uploads\/2024\/09\/Messenger_creation_298F12B1-FDEE-446A-AE36-F76AC3308796-225x300.jpeg 225w, http:\/\/zsp3.pl\/wp-content\/uploads\/2024\/09\/Messenger_creation_298F12B1-FDEE-446A-AE36-F76AC3308796-1152x1536.jpeg 1152w, http:\/\/zsp3.pl\/wp-content\/uploads\/2024\/09\/Messenger_creation_298F12B1-FDEE-446A-AE36-F76AC3308796.jpeg 1536w\" sizes=\"(max-width: 768px) 100vw, 768px\" \/><\/figure>\n<\/div>\n\n\n<p>&nbsp;\u2002\u2002\u2002\u2002\u2002We wrze\u015bniu 2024 r.&nbsp; uczniowie naszej szko\u0142y : Aneta Kukla, Jakub Niedba\u0142, Jan Bartkowski uczestniczyli wraz z M\u0142odzie\u017cow\u0105 Orkiestra D\u0119t\u0105 z Krasocina w &#8222;Shanghaj Tourism Festival &#8211; STF &#8222;.&nbsp; To najwi\u0119ksza parada organizowana w Chinach, kt\u00f3ra odbywa si\u0119 corocznie w drugi weekend wrze\u015bnia.&nbsp;&nbsp;<\/p>\n\n\n\n<p>Pobyt w tym azjatyckim kraju sta\u0142 si\u0119 r\u00f3wnie\u017c okazj\u0105 do poznania kultury chi\u0144skiej,&nbsp; niezwyk\u0142ej i ciekawej dla Europejczyk\u00f3w.<\/p>\n\n\n\n<p>Dzi\u0119kujemy uczniom &#8222;Staszica&#8221; za godne reprezentowanie naszej szko\u0142y!&nbsp;<\/p>\n","protected":false},"excerpt":{"rendered":"<p>&nbsp;\u2002\u2002\u2002\u2002\u2002We wrze\u015bniu 2024 r.&nbsp; uczniowie naszej szko\u0142y : Aneta Kukla, Jakub Niedba\u0142, Jan Bartkowski uczestniczyli wraz z M\u0142odzie\u017cow\u0105 Orkiestra D\u0119t\u0105 [&hellip;]<\/p>\n","protected":false},"author":1,"featured_media":4600,"comment_status":"closed","ping_status":"closed","sticky":false,"template":"","format":"standard","meta":{"footnotes":""},"categories":[14,13,15],"tags":[],"class_list":["post-4599","post","type-post","status-publish","format-standard","has-post-thumbnail","hentry","category-informacja","category-wycieczka","category-wydarzenie"],"_links":{"self":[{"href":"http:\/\/zsp3.pl\/index.php?rest_route=\/wp\/v2\/posts\/4599","targetHints":{"allow":["GET"]}}],"collection":[{"href":"http:\/\/zsp3.pl\/index.php?rest_route=\/wp\/v2\/posts"}],"about":[{"href":"http:\/\/zsp3.pl\/index.php?rest_route=\/wp\/v2\/types\/post"}],"author":[{"embeddable":true,"href":"http:\/\/zsp3.pl\/index.php?rest_route=\/wp\/v2\/users\/1"}],"replies":[{"embeddable":true,"href":"http:\/\/zsp3.pl\/index.php?rest_route=%2Fwp%2Fv2%2Fcomments&post=4599"}],"version-history":[{"count":1,"href":"http:\/\/zsp3.pl\/index.php?rest_route=\/wp\/v2\/posts\/4599\/revisions"}],"predecessor-version":[{"id":4602,"href":"http:\/\/zsp3.pl\/index.php?rest_route=\/wp\/v2\/posts\/4599\/revisions\/4602"}],"wp:featuredmedia":[{"embeddable":true,"href":"http:\/\/zsp3.pl\/index.php?rest_route=\/wp\/v2\/media\/4600"}],"wp:attachment":[{"href":"http:\/\/zsp3.pl\/index.php?rest_route=%2Fwp%2Fv2%2Fmedia&parent=4599"}],"wp:term":[{"taxonomy":"category","embeddable":true,"href":"http:\/\/zsp3.pl\/index.php?rest_route=%2Fwp%2Fv2%2Fcategories&post=4599"},{"taxonomy":"post_tag","embeddable":true,"href":"http:\/\/zsp3.pl\/index.php?rest_route=%2Fwp%2Fv2%2Ftags&post=4599"}],"curies":[{"name":"wp","href":"https:\/\/api.w.org\/{rel}","templated":true}]}}