{"id":4633,"date":"2024-09-29T19:23:24","date_gmt":"2024-09-29T19:23:24","guid":{"rendered":"http:\/\/zsp3.pl\/?p=4633"},"modified":"2024-09-29T19:23:25","modified_gmt":"2024-09-29T19:23:25","slug":"dzien-jezykow-obcych","status":"publish","type":"post","link":"http:\/\/zsp3.pl\/?p=4633","title":{"rendered":"DZIE\u0143 J\u0118ZYK\u00d3W OBCYCH"},"content":{"rendered":"\n<figure class=\"wp-block-image size-large\"><img fetchpriority=\"high\" decoding=\"async\" width=\"1024\" height=\"685\" src=\"http:\/\/zsp3.pl\/wp-content\/uploads\/2024\/09\/1000007387-1024x685.jpg\" alt=\"\" class=\"wp-image-4634\" srcset=\"http:\/\/zsp3.pl\/wp-content\/uploads\/2024\/09\/1000007387-1024x685.jpg 1024w, http:\/\/zsp3.pl\/wp-content\/uploads\/2024\/09\/1000007387-300x201.jpg 300w, http:\/\/zsp3.pl\/wp-content\/uploads\/2024\/09\/1000007387-768x513.jpg 768w, http:\/\/zsp3.pl\/wp-content\/uploads\/2024\/09\/1000007387.jpg 1080w\" sizes=\"(max-width: 1024px) 100vw, 1024px\" \/><\/figure>\n\n\n\n<figure class=\"wp-block-image size-large\"><img decoding=\"async\" width=\"1024\" height=\"685\" src=\"http:\/\/zsp3.pl\/wp-content\/uploads\/2024\/09\/1000007384-1024x685.jpg\" alt=\"\" class=\"wp-image-4635\" srcset=\"http:\/\/zsp3.pl\/wp-content\/uploads\/2024\/09\/1000007384-1024x685.jpg 1024w, http:\/\/zsp3.pl\/wp-content\/uploads\/2024\/09\/1000007384-300x201.jpg 300w, http:\/\/zsp3.pl\/wp-content\/uploads\/2024\/09\/1000007384-768x513.jpg 768w, http:\/\/zsp3.pl\/wp-content\/uploads\/2024\/09\/1000007384.jpg 1080w\" sizes=\"(max-width: 1024px) 100vw, 1024px\" \/><\/figure>\n\n\n\n<figure class=\"wp-block-image size-large\"><img decoding=\"async\" width=\"1024\" height=\"685\" src=\"http:\/\/zsp3.pl\/wp-content\/uploads\/2024\/09\/1000007386-1024x685.jpg\" alt=\"\" class=\"wp-image-4636\" srcset=\"http:\/\/zsp3.pl\/wp-content\/uploads\/2024\/09\/1000007386-1024x685.jpg 1024w, http:\/\/zsp3.pl\/wp-content\/uploads\/2024\/09\/1000007386-300x201.jpg 300w, http:\/\/zsp3.pl\/wp-content\/uploads\/2024\/09\/1000007386-768x513.jpg 768w, http:\/\/zsp3.pl\/wp-content\/uploads\/2024\/09\/1000007386.jpg 1080w\" sizes=\"(max-width: 1024px) 100vw, 1024px\" \/><\/figure>\n\n\n\n<p>\u2002\u2002\u2002\u2002\u2002\u2002 W dn. 26.09.24 r. z inicjatywy Rady Europy corocznie obchodzony jest Dzie\u0144 J\u0119zyk\u00f3w Obcych.&nbsp; W naszej szkole&nbsp;odby\u0142y si\u0119 zaj\u0119cia po\u015bwi\u0119cone temu wydarzeniu, uczniowie przygotowali plakaty oraz odby\u0142 si\u0119 apel. W jego trakcie uczniowie wykonali piosenki w j\u0119zyku polskim, angielskim, niemiecki, ukrai\u0144skim i hiszpa\u0144skim, odegrali zabawne scenki, pokazuj\u0105ce, jak wa\u017cna jest znajomo\u015b\u0107 j\u0119zyk\u00f3w obcych.&nbsp;<\/p>\n\n\n\n<p>Wyst\u0105pi\u0142 r\u00f3wnie\u017c nasz szkolny zesp\u00f3\u0142 muzyczny.<\/p>\n\n\n\n<p>Dzi\u0119kujemy pani Magdalenie Konik i pani Dorocie J\u00f3zefowskiej &#8211; Tkaczyk za przygotowanie m\u0142odzie\u017cy do wyst\u0119pu!&nbsp;<\/p>\n","protected":false},"excerpt":{"rendered":"<p>\u2002\u2002\u2002\u2002\u2002\u2002 W dn. 26.09.24 r. z inicjatywy Rady Europy corocznie obchodzony jest Dzie\u0144 J\u0119zyk\u00f3w Obcych.&nbsp; W naszej szkole&nbsp;odby\u0142y si\u0119 zaj\u0119cia [&hellip;]<\/p>\n","protected":false},"author":1,"featured_media":4634,"comment_status":"closed","ping_status":"closed","sticky":false,"template":"","format":"standard","meta":{"footnotes":""},"categories":[14,18,15],"tags":[],"class_list":["post-4633","post","type-post","status-publish","format-standard","has-post-thumbnail","hentry","category-informacja","category-inne","category-wydarzenie"],"_links":{"self":[{"href":"http:\/\/zsp3.pl\/index.php?rest_route=\/wp\/v2\/posts\/4633","targetHints":{"allow":["GET"]}}],"collection":[{"href":"http:\/\/zsp3.pl\/index.php?rest_route=\/wp\/v2\/posts"}],"about":[{"href":"http:\/\/zsp3.pl\/index.php?rest_route=\/wp\/v2\/types\/post"}],"author":[{"embeddable":true,"href":"http:\/\/zsp3.pl\/index.php?rest_route=\/wp\/v2\/users\/1"}],"replies":[{"embeddable":true,"href":"http:\/\/zsp3.pl\/index.php?rest_route=%2Fwp%2Fv2%2Fcomments&post=4633"}],"version-history":[{"count":1,"href":"http:\/\/zsp3.pl\/index.php?rest_route=\/wp\/v2\/posts\/4633\/revisions"}],"predecessor-version":[{"id":4637,"href":"http:\/\/zsp3.pl\/index.php?rest_route=\/wp\/v2\/posts\/4633\/revisions\/4637"}],"wp:featuredmedia":[{"embeddable":true,"href":"http:\/\/zsp3.pl\/index.php?rest_route=\/wp\/v2\/media\/4634"}],"wp:attachment":[{"href":"http:\/\/zsp3.pl\/index.php?rest_route=%2Fwp%2Fv2%2Fmedia&parent=4633"}],"wp:term":[{"taxonomy":"category","embeddable":true,"href":"http:\/\/zsp3.pl\/index.php?rest_route=%2Fwp%2Fv2%2Fcategories&post=4633"},{"taxonomy":"post_tag","embeddable":true,"href":"http:\/\/zsp3.pl\/index.php?rest_route=%2Fwp%2Fv2%2Ftags&post=4633"}],"curies":[{"name":"wp","href":"https:\/\/api.w.org\/{rel}","templated":true}]}}