{"id":4759,"date":"2024-10-30T10:42:49","date_gmt":"2024-10-30T10:42:49","guid":{"rendered":"http:\/\/zsp3.pl\/?p=4759"},"modified":"2024-10-30T10:42:50","modified_gmt":"2024-10-30T10:42:50","slug":"uroczystosci-w-olesznie-i-chotowie","status":"publish","type":"post","link":"http:\/\/zsp3.pl\/?p=4759","title":{"rendered":"Uroczysto\u015bci w Olesznie i Chotowie\u00a0"},"content":{"rendered":"\n<figure class=\"wp-block-image size-large\"><img fetchpriority=\"high\" decoding=\"async\" width=\"1024\" height=\"768\" src=\"http:\/\/zsp3.pl\/wp-content\/uploads\/2024\/10\/1000008316-1024x768.jpg\" alt=\"\" class=\"wp-image-4761\" srcset=\"http:\/\/zsp3.pl\/wp-content\/uploads\/2024\/10\/1000008316-1024x768.jpg 1024w, http:\/\/zsp3.pl\/wp-content\/uploads\/2024\/10\/1000008316-300x225.jpg 300w, http:\/\/zsp3.pl\/wp-content\/uploads\/2024\/10\/1000008316-768x576.jpg 768w, http:\/\/zsp3.pl\/wp-content\/uploads\/2024\/10\/1000008316-600x450.jpg 600w, http:\/\/zsp3.pl\/wp-content\/uploads\/2024\/10\/1000008316.jpg 1080w\" sizes=\"(max-width: 1024px) 100vw, 1024px\" \/><\/figure>\n\n\n<div class=\"wp-block-image\">\n<figure class=\"aligncenter size-large\"><img decoding=\"async\" width=\"768\" height=\"1024\" src=\"http:\/\/zsp3.pl\/wp-content\/uploads\/2024\/10\/1000008314-768x1024.jpg\" alt=\"\" class=\"wp-image-4760\" srcset=\"http:\/\/zsp3.pl\/wp-content\/uploads\/2024\/10\/1000008314-768x1024.jpg 768w, http:\/\/zsp3.pl\/wp-content\/uploads\/2024\/10\/1000008314-225x300.jpg 225w, http:\/\/zsp3.pl\/wp-content\/uploads\/2024\/10\/1000008314.jpg 1080w\" sizes=\"(max-width: 768px) 100vw, 768px\" \/><\/figure>\n<\/div>\n\n\n<p>\u2002\u2002\u2002\u2002\u2002\u2002W dn. 27.10.24 r.&nbsp;w Olesznie i Chotowie odby\u0142a si\u0119 uroczysto\u015b\u0107 patriotyczna, upami\u0119tniaj\u0105ca 80. rocznic\u0119 zwyci\u0119skiej bitwy pod Chotowem.<\/p>\n\n\n\n<p>Obchody rozpocz\u0119\u0142y si\u0119 na cmentarzu w Olesznie, gdzie z\u0142o\u017cono kwiaty na mogi\u0142ach i pod pomnikiem poleg\u0142ych \u017co\u0142nierzy Armii Krajowej. Nast\u0119pnie odprawiona zosta\u0142a msza \u015bwi\u0119ta w ko\u015bciele parafialnym w intencji poleg\u0142ych i zmar\u0142ych uczestnik\u00f3w bitwy.&nbsp;<\/p>\n\n\n\n<p>Po nabo\u017ce\u0144stwie, pod pomnikiem poleg\u0142ych partyzant\u00f3w Armii Krajowej w Chotowie, odczytano apel pami\u0119ci a delegacje z\u0142o\u017cy\u0142y wi\u0105zanki kwiat\u00f3w.&nbsp; Nasz\u0105 szko\u0142\u0119 reprezentowa\u0142 poczet sztandarowy w sk\u0142adzie: Julia K\u0119pi\u0144ska, Magdalena Roczniewska i Marcin Mysior oraz opiekunowie: pani Anna Zasu\u0144, pani Marzena Majchrzak i pani Jadwiga Klimas.&nbsp;<\/p>\n\n\n\n<p>Ostatnim punktem wydarzenia by\u0142a rekonkstrukcja historyczna bitwy batalionu Armii Krajowej Eugeniusza Kaszy\u0144skiego&nbsp; &#8222;Nurt&#8221;.<\/p>\n","protected":false},"excerpt":{"rendered":"<p>\u2002\u2002\u2002\u2002\u2002\u2002W dn. 27.10.24 r.&nbsp;w Olesznie i Chotowie odby\u0142a si\u0119 uroczysto\u015b\u0107 patriotyczna, upami\u0119tniaj\u0105ca 80. rocznic\u0119 zwyci\u0119skiej bitwy pod Chotowem. Obchody rozpocz\u0119\u0142y [&hellip;]<\/p>\n","protected":false},"author":1,"featured_media":4761,"comment_status":"closed","ping_status":"closed","sticky":false,"template":"","format":"standard","meta":{"footnotes":""},"categories":[14,18,15],"tags":[],"class_list":["post-4759","post","type-post","status-publish","format-standard","has-post-thumbnail","hentry","category-informacja","category-inne","category-wydarzenie"],"_links":{"self":[{"href":"http:\/\/zsp3.pl\/index.php?rest_route=\/wp\/v2\/posts\/4759","targetHints":{"allow":["GET"]}}],"collection":[{"href":"http:\/\/zsp3.pl\/index.php?rest_route=\/wp\/v2\/posts"}],"about":[{"href":"http:\/\/zsp3.pl\/index.php?rest_route=\/wp\/v2\/types\/post"}],"author":[{"embeddable":true,"href":"http:\/\/zsp3.pl\/index.php?rest_route=\/wp\/v2\/users\/1"}],"replies":[{"embeddable":true,"href":"http:\/\/zsp3.pl\/index.php?rest_route=%2Fwp%2Fv2%2Fcomments&post=4759"}],"version-history":[{"count":1,"href":"http:\/\/zsp3.pl\/index.php?rest_route=\/wp\/v2\/posts\/4759\/revisions"}],"predecessor-version":[{"id":4762,"href":"http:\/\/zsp3.pl\/index.php?rest_route=\/wp\/v2\/posts\/4759\/revisions\/4762"}],"wp:featuredmedia":[{"embeddable":true,"href":"http:\/\/zsp3.pl\/index.php?rest_route=\/wp\/v2\/media\/4761"}],"wp:attachment":[{"href":"http:\/\/zsp3.pl\/index.php?rest_route=%2Fwp%2Fv2%2Fmedia&parent=4759"}],"wp:term":[{"taxonomy":"category","embeddable":true,"href":"http:\/\/zsp3.pl\/index.php?rest_route=%2Fwp%2Fv2%2Fcategories&post=4759"},{"taxonomy":"post_tag","embeddable":true,"href":"http:\/\/zsp3.pl\/index.php?rest_route=%2Fwp%2Fv2%2Ftags&post=4759"}],"curies":[{"name":"wp","href":"https:\/\/api.w.org\/{rel}","templated":true}]}}