{"id":5261,"date":"2024-12-04T13:23:05","date_gmt":"2024-12-04T13:23:05","guid":{"rendered":"http:\/\/zsp3.pl\/?p=5261"},"modified":"2024-12-04T13:24:11","modified_gmt":"2024-12-04T13:24:11","slug":"5261","status":"publish","type":"post","link":"http:\/\/zsp3.pl\/?p=5261","title":{"rendered":""},"content":{"rendered":"<div class=\"wp-block-image\">\n<figure class=\"aligncenter size-large\"><img fetchpriority=\"high\" decoding=\"async\" width=\"1024\" height=\"732\" src=\"http:\/\/zsp3.pl\/wp-content\/uploads\/2024\/12\/1000010436-1024x732.jpg\" alt=\"\" class=\"wp-image-5262\" srcset=\"http:\/\/zsp3.pl\/wp-content\/uploads\/2024\/12\/1000010436-1024x732.jpg 1024w, http:\/\/zsp3.pl\/wp-content\/uploads\/2024\/12\/1000010436-300x214.jpg 300w, http:\/\/zsp3.pl\/wp-content\/uploads\/2024\/12\/1000010436-768x549.jpg 768w, http:\/\/zsp3.pl\/wp-content\/uploads\/2024\/12\/1000010436-1536x1097.jpg 1536w, http:\/\/zsp3.pl\/wp-content\/uploads\/2024\/12\/1000010436-2048x1463.jpg 2048w\" sizes=\"(max-width: 1024px) 100vw, 1024px\" \/><\/figure>\n<\/div>\n\n\n<p>W strajku m\u0142odzie\u017cy w obronie Krzy\u017cy wzi\u0119\u0142o udzia\u0142 kilkaset m\u0142odych os\u00f3b wspieranych przez rodzic\u00f3w oraz mieszka\u0144c\u00f3w W\u0142oszczowy, kt\u00f3rzy zajmowali si\u0119 dostarczaniem \u017cywno\u015bci, koc\u00f3w, \u015bpiwor\u00f3w i \u015brodk\u00f3w higienicznych. Strajkuj\u0105cy spali w ch\u0142odnych korytarzach budynku szko\u0142y.<\/p>\n\n\n\n<p>Dzia\u0142ania m\u0142odzie\u017cy wspierali ksi\u0119\u017ca: Marek \u0141abuda i Andrzej Wilczy\u0144ski.<\/p>\n\n\n\n<p>Codziennie by\u0142y odprawiane Msze \u015awi\u0119te. Przygotowuj\u0105c si\u0119 do pierwszej z nich, m\u0142odzie\u017c u\u0142o\u017cy\u0142a o\u0142tarz z tornistr\u00f3w. Krzy\u017c jest wpisany w \u017cycie cz\u0142owieka. Krzy\u017ce o kt\u00f3re walczy\u0142a wtedy m\u0142odzie\u017c wisz\u0105 obecnie w salach lekcyjnych.<\/p>\n\n\n\n<p>S\u0105 one dla nas symbolem mi\u0142o\u015bci, cierpienia i wiary. Dowodem na to, \u017ce ma\u0142a spo\u0142eczno\u015b\u0107 W\u0142oszczowy potrafi\u0142a przeciwstawi\u0107 si\u0119 w\u0142adzy komunistycznej.&nbsp;<\/p>\n\n\n\n<p><\/p>\n","protected":false},"excerpt":{"rendered":"<p>W strajku m\u0142odzie\u017cy w obronie Krzy\u017cy wzi\u0119\u0142o udzia\u0142 kilkaset m\u0142odych os\u00f3b wspieranych przez rodzic\u00f3w oraz mieszka\u0144c\u00f3w W\u0142oszczowy, kt\u00f3rzy zajmowali si\u0119 [&hellip;]<\/p>\n","protected":false},"author":1,"featured_media":5262,"comment_status":"closed","ping_status":"closed","sticky":false,"template":"","format":"standard","meta":{"footnotes":""},"categories":[14,18,15],"tags":[],"class_list":["post-5261","post","type-post","status-publish","format-standard","has-post-thumbnail","hentry","category-informacja","category-inne","category-wydarzenie"],"_links":{"self":[{"href":"http:\/\/zsp3.pl\/index.php?rest_route=\/wp\/v2\/posts\/5261","targetHints":{"allow":["GET"]}}],"collection":[{"href":"http:\/\/zsp3.pl\/index.php?rest_route=\/wp\/v2\/posts"}],"about":[{"href":"http:\/\/zsp3.pl\/index.php?rest_route=\/wp\/v2\/types\/post"}],"author":[{"embeddable":true,"href":"http:\/\/zsp3.pl\/index.php?rest_route=\/wp\/v2\/users\/1"}],"replies":[{"embeddable":true,"href":"http:\/\/zsp3.pl\/index.php?rest_route=%2Fwp%2Fv2%2Fcomments&post=5261"}],"version-history":[{"count":1,"href":"http:\/\/zsp3.pl\/index.php?rest_route=\/wp\/v2\/posts\/5261\/revisions"}],"predecessor-version":[{"id":5263,"href":"http:\/\/zsp3.pl\/index.php?rest_route=\/wp\/v2\/posts\/5261\/revisions\/5263"}],"wp:featuredmedia":[{"embeddable":true,"href":"http:\/\/zsp3.pl\/index.php?rest_route=\/wp\/v2\/media\/5262"}],"wp:attachment":[{"href":"http:\/\/zsp3.pl\/index.php?rest_route=%2Fwp%2Fv2%2Fmedia&parent=5261"}],"wp:term":[{"taxonomy":"category","embeddable":true,"href":"http:\/\/zsp3.pl\/index.php?rest_route=%2Fwp%2Fv2%2Fcategories&post=5261"},{"taxonomy":"post_tag","embeddable":true,"href":"http:\/\/zsp3.pl\/index.php?rest_route=%2Fwp%2Fv2%2Ftags&post=5261"}],"curies":[{"name":"wp","href":"https:\/\/api.w.org\/{rel}","templated":true}]}}