{"id":5595,"date":"2025-01-07T23:31:23","date_gmt":"2025-01-07T23:31:23","guid":{"rendered":"http:\/\/zsp3.pl\/?p=5595"},"modified":"2025-01-07T23:31:24","modified_gmt":"2025-01-07T23:31:24","slug":"swiateczny-koncert-w-staszicu","status":"publish","type":"post","link":"http:\/\/zsp3.pl\/?p=5595","title":{"rendered":"\u015awi\u0105teczny koncert w &#8222;Staszicu&#8221;"},"content":{"rendered":"\n<figure class=\"wp-block-image size-large\"><img fetchpriority=\"high\" decoding=\"async\" width=\"1024\" height=\"768\" src=\"http:\/\/zsp3.pl\/wp-content\/uploads\/2025\/01\/1000010342-1024x768.jpg\" alt=\"\" class=\"wp-image-5596\" srcset=\"http:\/\/zsp3.pl\/wp-content\/uploads\/2025\/01\/1000010342-1024x768.jpg 1024w, http:\/\/zsp3.pl\/wp-content\/uploads\/2025\/01\/1000010342-300x225.jpg 300w, http:\/\/zsp3.pl\/wp-content\/uploads\/2025\/01\/1000010342-768x576.jpg 768w, http:\/\/zsp3.pl\/wp-content\/uploads\/2025\/01\/1000010342-600x450.jpg 600w, http:\/\/zsp3.pl\/wp-content\/uploads\/2025\/01\/1000010342.jpg 1080w\" sizes=\"(max-width: 1024px) 100vw, 1024px\" \/><\/figure>\n\n\n\n<figure class=\"wp-block-image size-large\"><img decoding=\"async\" width=\"1024\" height=\"768\" src=\"http:\/\/zsp3.pl\/wp-content\/uploads\/2025\/01\/1000010341-1024x768.jpg\" alt=\"\" class=\"wp-image-5597\" srcset=\"http:\/\/zsp3.pl\/wp-content\/uploads\/2025\/01\/1000010341-1024x768.jpg 1024w, http:\/\/zsp3.pl\/wp-content\/uploads\/2025\/01\/1000010341-300x225.jpg 300w, http:\/\/zsp3.pl\/wp-content\/uploads\/2025\/01\/1000010341-768x576.jpg 768w, http:\/\/zsp3.pl\/wp-content\/uploads\/2025\/01\/1000010341-600x450.jpg 600w, http:\/\/zsp3.pl\/wp-content\/uploads\/2025\/01\/1000010341.jpg 1080w\" sizes=\"(max-width: 1024px) 100vw, 1024px\" \/><\/figure>\n\n\n\n<p>\u2002\u2002\u2002\u2002\u2002\u2002W dn. 20.12.24 r. w murach naszej szko\u0142y Samorz\u0105d Uczniowski z opiekunk\u0105, pani\u0105 Justyna Kowalczyk, przygotowa\u0142 koncert muzyczny. W klimat zbil\u017caj\u0105cych si\u0119 \u015bwi\u0105t Bo\u017cego Narodzenia wprowadzi\u0142y wokalistki: Roxana, Agnieszka, Wiktoria i Klara oraz niezast\u0105piona orkiestra w sk\u0142adzie: Kamil, Hubert, Mateusz, Jakub, Alan, Franek, Janek i Kuba.&nbsp;<\/p>\n\n\n\n<p>Dzi\u0119kujemy za ten magiczny czas!<\/p>\n\n\n\n<p>Nast\u0119pnie pracownicy szko\u0142y uczestniczyli we wsp\u00f3lnej wigilii, kt\u00f3r\u0105 u\u015bwietnili swoim udzia\u0142em: Starostwa W\u0142oszczowski Dariusz Czechowski, Radny Rady Powiatu W\u0142oszczowskiego Rafa\u0142 Pacanowski. Dzi\u0119kujemy!<\/p>\n","protected":false},"excerpt":{"rendered":"<p>\u2002\u2002\u2002\u2002\u2002\u2002W dn. 20.12.24 r. w murach naszej szko\u0142y Samorz\u0105d Uczniowski z opiekunk\u0105, pani\u0105 Justyna Kowalczyk, przygotowa\u0142 koncert muzyczny. W klimat [&hellip;]<\/p>\n","protected":false},"author":1,"featured_media":5596,"comment_status":"closed","ping_status":"closed","sticky":false,"template":"","format":"standard","meta":{"footnotes":""},"categories":[14,18,15],"tags":[],"class_list":["post-5595","post","type-post","status-publish","format-standard","has-post-thumbnail","hentry","category-informacja","category-inne","category-wydarzenie"],"_links":{"self":[{"href":"http:\/\/zsp3.pl\/index.php?rest_route=\/wp\/v2\/posts\/5595","targetHints":{"allow":["GET"]}}],"collection":[{"href":"http:\/\/zsp3.pl\/index.php?rest_route=\/wp\/v2\/posts"}],"about":[{"href":"http:\/\/zsp3.pl\/index.php?rest_route=\/wp\/v2\/types\/post"}],"author":[{"embeddable":true,"href":"http:\/\/zsp3.pl\/index.php?rest_route=\/wp\/v2\/users\/1"}],"replies":[{"embeddable":true,"href":"http:\/\/zsp3.pl\/index.php?rest_route=%2Fwp%2Fv2%2Fcomments&post=5595"}],"version-history":[{"count":1,"href":"http:\/\/zsp3.pl\/index.php?rest_route=\/wp\/v2\/posts\/5595\/revisions"}],"predecessor-version":[{"id":5598,"href":"http:\/\/zsp3.pl\/index.php?rest_route=\/wp\/v2\/posts\/5595\/revisions\/5598"}],"wp:featuredmedia":[{"embeddable":true,"href":"http:\/\/zsp3.pl\/index.php?rest_route=\/wp\/v2\/media\/5596"}],"wp:attachment":[{"href":"http:\/\/zsp3.pl\/index.php?rest_route=%2Fwp%2Fv2%2Fmedia&parent=5595"}],"wp:term":[{"taxonomy":"category","embeddable":true,"href":"http:\/\/zsp3.pl\/index.php?rest_route=%2Fwp%2Fv2%2Fcategories&post=5595"},{"taxonomy":"post_tag","embeddable":true,"href":"http:\/\/zsp3.pl\/index.php?rest_route=%2Fwp%2Fv2%2Ftags&post=5595"}],"curies":[{"name":"wp","href":"https:\/\/api.w.org\/{rel}","templated":true}]}}