{"id":5617,"date":"2025-02-09T20:49:43","date_gmt":"2025-02-09T20:49:43","guid":{"rendered":"http:\/\/zsp3.pl\/?p=5617"},"modified":"2025-02-09T20:49:44","modified_gmt":"2025-02-09T20:49:44","slug":"final-wielkiej-orkiestry-swiatecznej-pomocy","status":"publish","type":"post","link":"http:\/\/zsp3.pl\/?p=5617","title":{"rendered":"Fina\u0142 Wielkiej Orkiestry \u015awi\u0105tecznej Pomocy"},"content":{"rendered":"<div class=\"wp-block-image\">\n<figure class=\"aligncenter size-large\"><img fetchpriority=\"high\" decoding=\"async\" width=\"768\" height=\"1024\" src=\"http:\/\/zsp3.pl\/wp-content\/uploads\/2025\/02\/1000011644-768x1024.jpg\" alt=\"\" class=\"wp-image-5619\" srcset=\"http:\/\/zsp3.pl\/wp-content\/uploads\/2025\/02\/1000011644-768x1024.jpg 768w, http:\/\/zsp3.pl\/wp-content\/uploads\/2025\/02\/1000011644-225x300.jpg 225w, http:\/\/zsp3.pl\/wp-content\/uploads\/2025\/02\/1000011644.jpg 1080w\" sizes=\"(max-width: 768px) 100vw, 768px\" \/><\/figure>\n<\/div>\n\n<div class=\"wp-block-image\">\n<figure class=\"aligncenter size-full\"><img decoding=\"async\" width=\"720\" height=\"960\" src=\"http:\/\/zsp3.pl\/wp-content\/uploads\/2025\/02\/1000011645.jpg\" alt=\"\" class=\"wp-image-5618\" srcset=\"http:\/\/zsp3.pl\/wp-content\/uploads\/2025\/02\/1000011645.jpg 720w, http:\/\/zsp3.pl\/wp-content\/uploads\/2025\/02\/1000011645-225x300.jpg 225w\" sizes=\"(max-width: 720px) 100vw, 720px\" \/><\/figure>\n<\/div>\n\n\n<p>\u2002\u2002\u2002\u2002\u2002\u2002Za nami 33 Fina\u0142 Wielkiej Orkiestry \u015awi\u0105tecznej Pomocy. W dn. 26.01.25 kwestowa\u0142o trzech uczni\u00f3w &#8222;Staszica&#8221;: Aneta Kulka, Julia Buk\u0142at i Miko\u0142aj Wieczorek. Wsp\u00f3lnie zebrali kwot\u0119 1887, 80 z\u0142!<\/p>\n\n\n\n<p>Dzi\u0119kujemy za zaanga\u017cowanie w ten szczytny cel!<\/p>\n","protected":false},"excerpt":{"rendered":"<p>\u2002\u2002\u2002\u2002\u2002\u2002Za nami 33 Fina\u0142 Wielkiej Orkiestry \u015awi\u0105tecznej Pomocy. W dn. 26.01.25 kwestowa\u0142o trzech uczni\u00f3w &#8222;Staszica&#8221;: Aneta Kulka, Julia Buk\u0142at i [&hellip;]<\/p>\n","protected":false},"author":1,"featured_media":5618,"comment_status":"closed","ping_status":"closed","sticky":false,"template":"","format":"standard","meta":{"footnotes":""},"categories":[14,18,15],"tags":[],"class_list":["post-5617","post","type-post","status-publish","format-standard","has-post-thumbnail","hentry","category-informacja","category-inne","category-wydarzenie"],"_links":{"self":[{"href":"http:\/\/zsp3.pl\/index.php?rest_route=\/wp\/v2\/posts\/5617","targetHints":{"allow":["GET"]}}],"collection":[{"href":"http:\/\/zsp3.pl\/index.php?rest_route=\/wp\/v2\/posts"}],"about":[{"href":"http:\/\/zsp3.pl\/index.php?rest_route=\/wp\/v2\/types\/post"}],"author":[{"embeddable":true,"href":"http:\/\/zsp3.pl\/index.php?rest_route=\/wp\/v2\/users\/1"}],"replies":[{"embeddable":true,"href":"http:\/\/zsp3.pl\/index.php?rest_route=%2Fwp%2Fv2%2Fcomments&post=5617"}],"version-history":[{"count":1,"href":"http:\/\/zsp3.pl\/index.php?rest_route=\/wp\/v2\/posts\/5617\/revisions"}],"predecessor-version":[{"id":5620,"href":"http:\/\/zsp3.pl\/index.php?rest_route=\/wp\/v2\/posts\/5617\/revisions\/5620"}],"wp:featuredmedia":[{"embeddable":true,"href":"http:\/\/zsp3.pl\/index.php?rest_route=\/wp\/v2\/media\/5618"}],"wp:attachment":[{"href":"http:\/\/zsp3.pl\/index.php?rest_route=%2Fwp%2Fv2%2Fmedia&parent=5617"}],"wp:term":[{"taxonomy":"category","embeddable":true,"href":"http:\/\/zsp3.pl\/index.php?rest_route=%2Fwp%2Fv2%2Fcategories&post=5617"},{"taxonomy":"post_tag","embeddable":true,"href":"http:\/\/zsp3.pl\/index.php?rest_route=%2Fwp%2Fv2%2Ftags&post=5617"}],"curies":[{"name":"wp","href":"https:\/\/api.w.org\/{rel}","templated":true}]}}