{"id":5732,"date":"2025-03-30T20:39:03","date_gmt":"2025-03-30T20:39:03","guid":{"rendered":"http:\/\/zsp3.pl\/?p=5732"},"modified":"2025-03-30T20:39:05","modified_gmt":"2025-03-30T20:39:05","slug":"wyklad-dr-andrzeja-lenarcika","status":"publish","type":"post","link":"http:\/\/zsp3.pl\/?p=5732","title":{"rendered":"Wyk\u0142ad dr Andrzeja Lenarcika"},"content":{"rendered":"<div class=\"wp-block-image\">\n<figure class=\"aligncenter size-large\"><img fetchpriority=\"high\" decoding=\"async\" width=\"1024\" height=\"472\" src=\"http:\/\/zsp3.pl\/wp-content\/uploads\/2025\/03\/10000125382-1024x472.jpg\" alt=\"\" class=\"wp-image-5733\" srcset=\"http:\/\/zsp3.pl\/wp-content\/uploads\/2025\/03\/10000125382-1024x472.jpg 1024w, http:\/\/zsp3.pl\/wp-content\/uploads\/2025\/03\/10000125382-300x138.jpg 300w, http:\/\/zsp3.pl\/wp-content\/uploads\/2025\/03\/10000125382-768x354.jpg 768w, http:\/\/zsp3.pl\/wp-content\/uploads\/2025\/03\/10000125382.jpg 1080w\" sizes=\"(max-width: 1024px) 100vw, 1024px\" \/><\/figure>\n<\/div>\n\n\n<p>&nbsp;\u2002\u2002\u2002\u2002\u2002 W dn. 25.03.25 r.&nbsp; odwiedzi\u0142 nas pan dr Andrzej Lenarcik z Wydzia\u0142u Zarz\u0105dzania i Modelowania Komputerowego Katedry Matematyki i Fizyki Politechniki \u015awi\u0119tokrzyskiej.&nbsp;<\/p>\n\n\n\n<p>Dr Lenarcik jako temat spotkania z uczniami wybra\u0142 wzajemne oddzia\u0142ywanie geometrii i algebry. Wyk\u0142ad osadzony by\u0142 w kontek\u015bcie historycznym, a to u\u0142atwi\u0142o zrozumienie przedstawianych zagadnie\u0144.&nbsp;<\/p>\n\n\n\n<p>Nale\u017cy wspomnie\u0107, \u017ce Politechnika \u015awi\u0119tokrzyska jest organizatorem Og\u00f3lnopolskiego &nbsp;\u015awi\u0119tokrzyskiego Matematycznego Maratonu Maturalnego, a istotnie informacje na ten temat dost\u0119pne s\u0105 na stronie matmaraton.tu.kielce.pl<\/p>\n\n\n\n<p>Dzi\u0119kujemy!!!<\/p>\n","protected":false},"excerpt":{"rendered":"<p>&nbsp;\u2002\u2002\u2002\u2002\u2002 W dn. 25.03.25 r.&nbsp; odwiedzi\u0142 nas pan dr Andrzej Lenarcik z Wydzia\u0142u Zarz\u0105dzania i Modelowania Komputerowego Katedry Matematyki i [&hellip;]<\/p>\n","protected":false},"author":1,"featured_media":5733,"comment_status":"closed","ping_status":"closed","sticky":false,"template":"","format":"standard","meta":{"footnotes":""},"categories":[14,18,15],"tags":[],"class_list":["post-5732","post","type-post","status-publish","format-standard","has-post-thumbnail","hentry","category-informacja","category-inne","category-wydarzenie"],"_links":{"self":[{"href":"http:\/\/zsp3.pl\/index.php?rest_route=\/wp\/v2\/posts\/5732","targetHints":{"allow":["GET"]}}],"collection":[{"href":"http:\/\/zsp3.pl\/index.php?rest_route=\/wp\/v2\/posts"}],"about":[{"href":"http:\/\/zsp3.pl\/index.php?rest_route=\/wp\/v2\/types\/post"}],"author":[{"embeddable":true,"href":"http:\/\/zsp3.pl\/index.php?rest_route=\/wp\/v2\/users\/1"}],"replies":[{"embeddable":true,"href":"http:\/\/zsp3.pl\/index.php?rest_route=%2Fwp%2Fv2%2Fcomments&post=5732"}],"version-history":[{"count":1,"href":"http:\/\/zsp3.pl\/index.php?rest_route=\/wp\/v2\/posts\/5732\/revisions"}],"predecessor-version":[{"id":5734,"href":"http:\/\/zsp3.pl\/index.php?rest_route=\/wp\/v2\/posts\/5732\/revisions\/5734"}],"wp:featuredmedia":[{"embeddable":true,"href":"http:\/\/zsp3.pl\/index.php?rest_route=\/wp\/v2\/media\/5733"}],"wp:attachment":[{"href":"http:\/\/zsp3.pl\/index.php?rest_route=%2Fwp%2Fv2%2Fmedia&parent=5732"}],"wp:term":[{"taxonomy":"category","embeddable":true,"href":"http:\/\/zsp3.pl\/index.php?rest_route=%2Fwp%2Fv2%2Fcategories&post=5732"},{"taxonomy":"post_tag","embeddable":true,"href":"http:\/\/zsp3.pl\/index.php?rest_route=%2Fwp%2Fv2%2Ftags&post=5732"}],"curies":[{"name":"wp","href":"https:\/\/api.w.org\/{rel}","templated":true}]}}