{"id":5735,"date":"2025-03-30T20:41:36","date_gmt":"2025-03-30T20:41:36","guid":{"rendered":"http:\/\/zsp3.pl\/?p=5735"},"modified":"2025-03-30T20:41:36","modified_gmt":"2025-03-30T20:41:36","slug":"lekcje-samorzadowe-z-udzialem-uczniow-staszica","status":"publish","type":"post","link":"http:\/\/zsp3.pl\/?p=5735","title":{"rendered":"Lekcje samorz\u0105dowe z udzia\u0142em uczni\u00f3w &#8222;Staszica&#8221;"},"content":{"rendered":"<div class=\"wp-block-image\">\n<figure class=\"aligncenter size-large\"><img fetchpriority=\"high\" decoding=\"async\" width=\"927\" height=\"1024\" src=\"http:\/\/zsp3.pl\/wp-content\/uploads\/2025\/03\/1000012540-927x1024.jpg\" alt=\"\" class=\"wp-image-5736\" srcset=\"http:\/\/zsp3.pl\/wp-content\/uploads\/2025\/03\/1000012540-927x1024.jpg 927w, http:\/\/zsp3.pl\/wp-content\/uploads\/2025\/03\/1000012540-272x300.jpg 272w, http:\/\/zsp3.pl\/wp-content\/uploads\/2025\/03\/1000012540-768x848.jpg 768w, http:\/\/zsp3.pl\/wp-content\/uploads\/2025\/03\/1000012540.jpg 1080w\" sizes=\"(max-width: 927px) 100vw, 927px\" \/><\/figure>\n<\/div>\n\n\n<p>\u2002\u2002\u2002\u2002\u2002\u2002 W dn. 26.03.25 r., &nbsp;z inicjatywy M\u0142odzie\u017cowej Rady Powiatu W\u0142oszczowskiego,&nbsp; w Starostwie Powiatowym odby\u0142y si\u0119 \u201eLekcje samorz\u0105dowe\u201d. Zosta\u0142a poruszona na nich tematyka z zakresu samorz\u0105du terytorialnego.&nbsp;<\/p>\n\n\n\n<p>Sekretarza Powiatu, pan Cezary Nowak oraz Opiekun M\u0142odzie\u017cowej Rady Powiatu, pani Patrycja Napora, przedstawili struktur\u0119, zadania oraz konstrukcj\u0119 bud\u017cetu jednostek samorz\u0105du terytorialnego ka\u017cdego szczebla. Z kolei za spraw\u0105 pani Justyny Kowalskiej z w\u0142oszczowskiej Filii Wojew\u00f3dzkiej Biblioteki Pedagogicznej w Kielcach nasza m\u0142odzie\u017c pozna\u0142a histori\u0119 powiatu oraz jego herbu.&nbsp;<\/p>\n\n\n\n<p>W ostatniej cz\u0119\u015bci zaj\u0119\u0107 uczniowie spotkali si\u0119 z cz\u0142onkami M\u0142odzie\u017cowej Rady Powiatu W\u0142oszczowskiego:&nbsp;Przewodnicz\u0105cym, Kacprem Tatarem; Wiceprzewodnicz\u0105cym, Kacprem Tkaczem i cz\u0142onkami rady &#8211; Aleksandr\u0105 Mi\u015btal i Zofi\u0105 Pietrzak. M\u0142odzie\u017cowi radni przybli\u017cyli r\u00f3wie\u015bnikom swoj\u0105 dzia\u0142alno\u015b\u0107, zach\u0119caj\u0105c do wsp\u00f3\u0142pracy oraz udzia\u0142u w przygotowywanych inicjatywach.<\/p>\n\n\n\n<p>Za po\u015brednictwem strony FB M\u0142odzie\u017cowa Rada Powiatu W\u0142oszczowskiego z\u0142o\u017cy\u0142a podzi\u0119kowania nauczycielom naszej szko\u0142y: pani Wioletcie Banach, pani Annie Wojtczyk i pani Marzenie Majchrzak oraz uczniom za udzia\u0142 w &#8222;Lekcjach samorz\u0105dowych&#8221;, a Filii Wojew\u00f3dzkiej Biblioteki Pedagogicznej w Kielcach za wsp\u00f3\u0142organizacj\u0119 wydarzenia.<\/p>\n\n\n\n<p>Test i zdj\u0119cia za stron\u0105 FB: M\u0142odzie\u017cowa Rada Powiatu W\u0142oszczowskiego<\/p>\n","protected":false},"excerpt":{"rendered":"<p>\u2002\u2002\u2002\u2002\u2002\u2002 W dn. 26.03.25 r., &nbsp;z inicjatywy M\u0142odzie\u017cowej Rady Powiatu W\u0142oszczowskiego,&nbsp; w Starostwie Powiatowym odby\u0142y si\u0119 \u201eLekcje samorz\u0105dowe\u201d. Zosta\u0142a poruszona [&hellip;]<\/p>\n","protected":false},"author":1,"featured_media":5736,"comment_status":"closed","ping_status":"closed","sticky":false,"template":"","format":"standard","meta":{"footnotes":""},"categories":[14,18,15],"tags":[],"class_list":["post-5735","post","type-post","status-publish","format-standard","has-post-thumbnail","hentry","category-informacja","category-inne","category-wydarzenie"],"_links":{"self":[{"href":"http:\/\/zsp3.pl\/index.php?rest_route=\/wp\/v2\/posts\/5735","targetHints":{"allow":["GET"]}}],"collection":[{"href":"http:\/\/zsp3.pl\/index.php?rest_route=\/wp\/v2\/posts"}],"about":[{"href":"http:\/\/zsp3.pl\/index.php?rest_route=\/wp\/v2\/types\/post"}],"author":[{"embeddable":true,"href":"http:\/\/zsp3.pl\/index.php?rest_route=\/wp\/v2\/users\/1"}],"replies":[{"embeddable":true,"href":"http:\/\/zsp3.pl\/index.php?rest_route=%2Fwp%2Fv2%2Fcomments&post=5735"}],"version-history":[{"count":1,"href":"http:\/\/zsp3.pl\/index.php?rest_route=\/wp\/v2\/posts\/5735\/revisions"}],"predecessor-version":[{"id":5737,"href":"http:\/\/zsp3.pl\/index.php?rest_route=\/wp\/v2\/posts\/5735\/revisions\/5737"}],"wp:featuredmedia":[{"embeddable":true,"href":"http:\/\/zsp3.pl\/index.php?rest_route=\/wp\/v2\/media\/5736"}],"wp:attachment":[{"href":"http:\/\/zsp3.pl\/index.php?rest_route=%2Fwp%2Fv2%2Fmedia&parent=5735"}],"wp:term":[{"taxonomy":"category","embeddable":true,"href":"http:\/\/zsp3.pl\/index.php?rest_route=%2Fwp%2Fv2%2Fcategories&post=5735"},{"taxonomy":"post_tag","embeddable":true,"href":"http:\/\/zsp3.pl\/index.php?rest_route=%2Fwp%2Fv2%2Ftags&post=5735"}],"curies":[{"name":"wp","href":"https:\/\/api.w.org\/{rel}","templated":true}]}}