{"id":5855,"date":"2025-04-07T11:16:00","date_gmt":"2025-04-07T11:16:00","guid":{"rendered":"http:\/\/zsp3.pl\/?p=5855"},"modified":"2025-04-07T11:16:01","modified_gmt":"2025-04-07T11:16:01","slug":"stypendium-sportowe-starosty-wloszczowskiego-dla-amelii-mikolajczyk-i-filipa-maciejczyka","status":"publish","type":"post","link":"http:\/\/zsp3.pl\/?p=5855","title":{"rendered":"Stypendium Sportowe Starosty W\u0142oszczowskiego dla Amelii Miko\u0142ajczyk i Filipa Maciejczyka!!"},"content":{"rendered":"<div class=\"wp-block-image\">\n<figure class=\"aligncenter size-large\"><img fetchpriority=\"high\" decoding=\"async\" width=\"1024\" height=\"683\" src=\"http:\/\/zsp3.pl\/wp-content\/uploads\/2025\/04\/1000012687-1024x683.jpg\" alt=\"\" class=\"wp-image-5856\" srcset=\"http:\/\/zsp3.pl\/wp-content\/uploads\/2025\/04\/1000012687-1024x683.jpg 1024w, http:\/\/zsp3.pl\/wp-content\/uploads\/2025\/04\/1000012687-300x200.jpg 300w, http:\/\/zsp3.pl\/wp-content\/uploads\/2025\/04\/1000012687-768x512.jpg 768w, http:\/\/zsp3.pl\/wp-content\/uploads\/2025\/04\/1000012687.jpg 1080w\" sizes=\"(max-width: 1024px) 100vw, 1024px\" \/><\/figure>\n<\/div>\n\n<div class=\"wp-block-image\">\n<figure class=\"aligncenter size-large\"><img decoding=\"async\" width=\"1024\" height=\"683\" src=\"http:\/\/zsp3.pl\/wp-content\/uploads\/2025\/04\/1000012686-1024x683.jpg\" alt=\"\" class=\"wp-image-5857\" srcset=\"http:\/\/zsp3.pl\/wp-content\/uploads\/2025\/04\/1000012686-1024x683.jpg 1024w, http:\/\/zsp3.pl\/wp-content\/uploads\/2025\/04\/1000012686-300x200.jpg 300w, http:\/\/zsp3.pl\/wp-content\/uploads\/2025\/04\/1000012686-768x512.jpg 768w, http:\/\/zsp3.pl\/wp-content\/uploads\/2025\/04\/1000012686.jpg 1080w\" sizes=\"(max-width: 1024px) 100vw, 1024px\" \/><\/figure>\n<\/div>\n\n<div class=\"wp-block-image\">\n<figure class=\"aligncenter size-large\"><img decoding=\"async\" width=\"1024\" height=\"683\" src=\"http:\/\/zsp3.pl\/wp-content\/uploads\/2025\/04\/1000012685-1024x683.jpg\" alt=\"\" class=\"wp-image-5858\" srcset=\"http:\/\/zsp3.pl\/wp-content\/uploads\/2025\/04\/1000012685-1024x683.jpg 1024w, http:\/\/zsp3.pl\/wp-content\/uploads\/2025\/04\/1000012685-300x200.jpg 300w, http:\/\/zsp3.pl\/wp-content\/uploads\/2025\/04\/1000012685-768x512.jpg 768w, http:\/\/zsp3.pl\/wp-content\/uploads\/2025\/04\/1000012685.jpg 1080w\" sizes=\"(max-width: 1024px) 100vw, 1024px\" \/><\/figure>\n<\/div>\n\n\n<p>\u2002\u2002\u2002\u2002\u2002\u2002W dn.31.03.2025 r. w Starostwie Powiatowym we W\u0142oszczowie odby\u0142o si\u0119 uroczyste wr\u0119czenie Stypendi\u00f3w Sportowych Starosty W\u0142oszczowskiego.<\/p>\n\n\n\n<p>Pan Dariusz Czechowski- Starosta W\u0142oszczowski, pan \u0141ukasz Karpi\u0144ski &#8211; Wicestarosta, pan Zbigniew Maty\u015bkiewicz &#8211; Przewodnicz\u0105cy Rady Powiatu W\u0142oszczowskiego i pani Agnieszka G\u00f3rska &#8211; Skarbnik Powiatu pogratulowali zawodnikom wysokich wynik\u00f3w sportowych oraz \u017cyczyli dalszych sukces\u00f3w i motywacji w d\u0105\u017ceniu do cel\u00f3w.<\/p>\n\n\n\n<p>Stypendium sportowe na 2025 r. za wysokie wyniki sportowe otrzymali:&nbsp;<\/p>\n\n\n\n<p>1.&nbsp;<strong>Amelia Miko\u0142ajczyk<\/strong>&nbsp;&#8211; zawodniczka Uczniowskiego Klubu Sportowego \u201eUNION\u201d W\u0142oszczowa przy Zespole Szk\u00f3\u0142 nr 3 im. Stanis\u0142awa Staszica we W\u0142oszczowie.&nbsp;<\/p>\n\n\n\n<p>Amelia jest uczennic\u0105 kl. 2 b Liceum Og\u00f3lnokszta\u0142c\u0105cego w Zespole Szk\u00f3\u0142 nr 3 im. Stanis\u0142awa Staszica we W\u0142oszczowie. Uprawiana dyscyplina sportu to Taekwon-do.&nbsp;<\/p>\n\n\n\n<p>Najwa\u017cniejsze osi\u0105gni\u0119cia zawodniczki:<\/p>\n\n\n\n<p>&#8211; III miejsce w Mistrzostwach Og\u00f3lnopolskiej Organizacji Taekwon-do ITF w Konkurencji Light Contact w kategorii &nbsp;+65 kg, Ko\u0142obrzeg 31.05-01.06.2024 r.;<\/p>\n\n\n\n<p>&#8211; III miejsce w Zawodach Mi\u0119dzynarodowych Taekwon-do Polish Open Cup &nbsp;w konkurencji Light Contact w kategorii +60 kg, Opole 26-27.10.2024 r.<\/p>\n\n\n\n<p>&#8211; III miejsce w Mi\u0119dzynarodowym Open Tang Soo Do Tournament w Konkurencji Techniki Specjalne w kategorii +160 cm, Wo\u0142omin 15.04.2023 r.;<\/p>\n\n\n\n<p>&#8211; I miejsce na XV Gwiazdkowym Pucharze Orientu w Konkurencji Semi Concat w kategorii Kadet, Cz\u0119stochowa 10.12.2023 r.;<\/p>\n\n\n\n<p>&#8211; I miejsce na XV Gwiazdkowym Pucharze Orientu w Konkurencji Light Contact w kategorii Kadet, Cz\u0119stochowa 10.12.2023 r.;<\/p>\n\n\n\n<p>&#8211; II miejsce na XV Gwiazdkowym Pucharze Orientu w Konkurencji Wysoko\u015bci\u00f3wki w kategorii kadet Cz\u0119stochowa 10.12.2023 r.<\/p>\n\n\n\n<p>2.<strong>Filip Maciejczyk<\/strong>&nbsp;&#8211; zawodnik Uczniowskiego Klubu Sportowego \u201eUNION\u201d W\u0142oszczowa przy Zespole Szk\u00f3\u0142 nr 3 im. Stanis\u0142awa Staszica we W\u0142oszczowie. Filip jest&nbsp; uczniem kl. II a Liceum Og\u00f3lnokszta\u0142c\u0105ce o profilu policyjno-prawnym w Zespole Szk\u00f3\u0142 nr 3 im. Stanis\u0142awa Staszica we W\u0142oszczowie. Uprawiana dyscyplina sportu to Taekwon-do.&nbsp;<\/p>\n\n\n\n<p>Najwa\u017cniejsze osi\u0105gni\u0119cia zawodnika:<\/p>\n\n\n\n<p>&#8211; III miejsce w Challenge Pointfighting w kategorii wagowej \u2013 69 kg, w kategorii wiekowej KS, Jaworzno, 19.10.2024 r.;<\/p>\n\n\n\n<p>&#8211; III miejsce w Mistrzostwach Og\u00f3lnopolskiej Organizacji Taekwon-do ITP w konkurencji techniki specjalne kadeci 4-1 cup, Ko\u0142obrzeg, 2024;<\/p>\n\n\n\n<p>&#8211; &nbsp;IV miejsce w Otwartych Mistrzostwach Polski Tang Soo Do w konkurencji Semi Contact, Pionki 16-17.03.2024 r.;<\/p>\n\n\n\n<p>&#8211; III miejsce w Mistrzostwach Og\u00f3lnopolskiej Organizacji Teakwon-do ITP w konkurencji walki kadet\u00f3w \u2013 76 kg, Ko\u0142obrzeg, 2024;<\/p>\n\n\n\n<p>&#8211; &nbsp;uczestnictwo w 30-tych Mistrzostwach Polski w Taekwon-do, Cz\u0119stochowa, 27-28.04.2024 r.;<\/p>\n\n\n\n<p>&#8211; &nbsp;III miejsce w 30-tych Mistrzostwach Polski w Teakwon-do w konkurencji &nbsp;Light &nbsp;Contact Kadet ch\u0142opcy +72 kg, Cz\u0119stochowa, 27-28.04.2024 r.;<\/p>\n\n\n\n<p>&#8211; zakwalifikowanie do udzia\u0142u w Mistrzostwach \u015awiata Taekwon-do International 2023;<\/p>\n\n\n\n<p>&#8211; uczestnictwo w 29-tych Mistrzostwach Polski w Taekwon-do, Cz\u0119stochowa, 18-19.03.2023 r.;<\/p>\n\n\n\n<p>&#8211; Uczestnictwo w Polish Open Cup, Opole, 28-29.10.2023 r.;<\/p>\n\n\n\n<p>&#8211; Uczestnictwo w Mistrzostwach \u015al\u0105ska w Kickboxingu, B\u0119dzin, 03.12.2023 r.;<\/p>\n\n\n\n<p>&#8211; I miejsce w XV Gwiazdkowym Pucharze Orientu w konkurencji wysoko\u015bci\u00f3wki w kategorii Kadet, Cz\u0119stochowa 10.12.2023 r.;<\/p>\n\n\n\n<p>&#8211; I miejsce w XV Gwiazdkowym Pucharze Orientu w konkurencji Semi Contact &nbsp;w kategorii Kadet, Cz\u0119stochowa 10.12.2023 r.;<\/p>\n\n\n\n<p>&#8211; II miejsce w XIV Gwiazdkowym Pucharze Orientu w konkurencji Semi Contact w kategorii Kadet ch\u0142opcy, Cz\u0119stochowa 18.12.2022 r.;<\/p>\n\n\n\n<p>&#8211; III miejsce w XIV Gwiazdkowym Pucharze Orientu w konkurencji uk\u0142ady formalne tradycyjne w kategorii Kadet ch\u0142opcy, Cz\u0119stochowa 18.12.2022 r.;<\/p>\n\n\n\n<p>&#8211; II miejsce w II Wakacyjnym Turnieju Taekwon-do w konkurencji Light Contact w kategorii Kadet &nbsp;-60 kg, Rewal, 8-18 lipca 2022 r.;<\/p>\n\n\n\n<p>&#8211; uczestnictwo w Taekwondo Polish Open Cup, Opole, 15-16.10.2022;<\/p>\n\n\n\n<p>&#8211; zawodnik miesi\u0105ca pa\u017adziernik 2023 r.;<\/p>\n\n\n\n<p>&#8211; zawodnik miesi\u0105ca stycze\u0144 2023 r.;<\/p>\n\n\n\n<p>&#8211; zawodnik miesi\u0105ca wrzesie\u0144 2022 r.;<\/p>\n\n\n\n<p>&#8211; zawodnik miesi\u0105ca luty 2022 r.;<\/p>\n\n\n\n<p>&#8211; zawodnik miesi\u0105ca pa\u017adziernik 2021 r.<\/p>\n","protected":false},"excerpt":{"rendered":"<p>\u2002\u2002\u2002\u2002\u2002\u2002W dn.31.03.2025 r. w Starostwie Powiatowym we W\u0142oszczowie odby\u0142o si\u0119 uroczyste wr\u0119czenie Stypendi\u00f3w Sportowych Starosty W\u0142oszczowskiego. Pan Dariusz Czechowski- Starosta [&hellip;]<\/p>\n","protected":false},"author":1,"featured_media":5856,"comment_status":"closed","ping_status":"closed","sticky":false,"template":"","format":"standard","meta":{"footnotes":""},"categories":[14,15],"tags":[],"class_list":["post-5855","post","type-post","status-publish","format-standard","has-post-thumbnail","hentry","category-informacja","category-wydarzenie"],"_links":{"self":[{"href":"http:\/\/zsp3.pl\/index.php?rest_route=\/wp\/v2\/posts\/5855","targetHints":{"allow":["GET"]}}],"collection":[{"href":"http:\/\/zsp3.pl\/index.php?rest_route=\/wp\/v2\/posts"}],"about":[{"href":"http:\/\/zsp3.pl\/index.php?rest_route=\/wp\/v2\/types\/post"}],"author":[{"embeddable":true,"href":"http:\/\/zsp3.pl\/index.php?rest_route=\/wp\/v2\/users\/1"}],"replies":[{"embeddable":true,"href":"http:\/\/zsp3.pl\/index.php?rest_route=%2Fwp%2Fv2%2Fcomments&post=5855"}],"version-history":[{"count":1,"href":"http:\/\/zsp3.pl\/index.php?rest_route=\/wp\/v2\/posts\/5855\/revisions"}],"predecessor-version":[{"id":5859,"href":"http:\/\/zsp3.pl\/index.php?rest_route=\/wp\/v2\/posts\/5855\/revisions\/5859"}],"wp:featuredmedia":[{"embeddable":true,"href":"http:\/\/zsp3.pl\/index.php?rest_route=\/wp\/v2\/media\/5856"}],"wp:attachment":[{"href":"http:\/\/zsp3.pl\/index.php?rest_route=%2Fwp%2Fv2%2Fmedia&parent=5855"}],"wp:term":[{"taxonomy":"category","embeddable":true,"href":"http:\/\/zsp3.pl\/index.php?rest_route=%2Fwp%2Fv2%2Fcategories&post=5855"},{"taxonomy":"post_tag","embeddable":true,"href":"http:\/\/zsp3.pl\/index.php?rest_route=%2Fwp%2Fv2%2Ftags&post=5855"}],"curies":[{"name":"wp","href":"https:\/\/api.w.org\/{rel}","templated":true}]}}