{"id":5860,"date":"2025-04-07T11:17:00","date_gmt":"2025-04-07T11:17:00","guid":{"rendered":"http:\/\/zsp3.pl\/?p=5860"},"modified":"2025-04-07T11:17:01","modified_gmt":"2025-04-07T11:17:01","slug":"uroczyste-obchody-rocznicy-smierci-jana-pawla-ii","status":"publish","type":"post","link":"http:\/\/zsp3.pl\/?p=5860","title":{"rendered":"Uroczyste obchody rocznicy \u015bmierci Jana Paw\u0142a II"},"content":{"rendered":"<div class=\"wp-block-image\">\n<figure class=\"aligncenter size-large\"><img fetchpriority=\"high\" decoding=\"async\" width=\"1024\" height=\"576\" src=\"http:\/\/zsp3.pl\/wp-content\/uploads\/2025\/04\/1000012688-1024x576.jpg\" alt=\"\" class=\"wp-image-5861\" srcset=\"http:\/\/zsp3.pl\/wp-content\/uploads\/2025\/04\/1000012688-1024x576.jpg 1024w, http:\/\/zsp3.pl\/wp-content\/uploads\/2025\/04\/1000012688-300x169.jpg 300w, http:\/\/zsp3.pl\/wp-content\/uploads\/2025\/04\/1000012688-768x432.jpg 768w, http:\/\/zsp3.pl\/wp-content\/uploads\/2025\/04\/1000012688.jpg 1080w\" sizes=\"(max-width: 1024px) 100vw, 1024px\" \/><\/figure>\n<\/div>\n\n\n<p>\u2002\u2002\u2002\u2002\u2002\u2002W dn. 02.04.25 r. z inicjatywy Starosty W\u0142oszczowskiego Dariusza Czechowskiego w Sanktuarium Matki Bo\u017cej Opiekunki Rodzin we W\u0142oszczowie zosta\u0142a odprawiona Msza \u015bwi\u0119ta z okazji 20. rocznicy \u015bmierci Jana Paw\u0142a II.<\/p>\n\n\n\n<p>Na tej wzruszaj\u0105cej uroczysto\u015bci uczestniczy\u0142 poczet sztandarowy &#8222;Staszica&#8221; oraz przedstawiciele grona pedagogicznego: pani dyrektor Mariola Koza i pani Marzena Majchrzak.<\/p>\n\n\n\n<p>Nasi uczniowie obejrzeli r\u00f3wnie\u017c wystaw\u0119 zorganizowan\u0105 przez Powiat W\u0142oszczowski wraz Bibliotek\u0119 Pedagogiczn\u0105 w Kielcach Filia we W\u0142oszczowie po\u015bwi\u0119con\u0105 \u015bwi\u0119temu Janowi Paw\u0142owi II.<\/p>\n","protected":false},"excerpt":{"rendered":"<p>\u2002\u2002\u2002\u2002\u2002\u2002W dn. 02.04.25 r. z inicjatywy Starosty W\u0142oszczowskiego Dariusza Czechowskiego w Sanktuarium Matki Bo\u017cej Opiekunki Rodzin we W\u0142oszczowie zosta\u0142a odprawiona [&hellip;]<\/p>\n","protected":false},"author":1,"featured_media":5861,"comment_status":"closed","ping_status":"closed","sticky":false,"template":"","format":"standard","meta":{"footnotes":""},"categories":[14,18,15],"tags":[],"class_list":["post-5860","post","type-post","status-publish","format-standard","has-post-thumbnail","hentry","category-informacja","category-inne","category-wydarzenie"],"_links":{"self":[{"href":"http:\/\/zsp3.pl\/index.php?rest_route=\/wp\/v2\/posts\/5860","targetHints":{"allow":["GET"]}}],"collection":[{"href":"http:\/\/zsp3.pl\/index.php?rest_route=\/wp\/v2\/posts"}],"about":[{"href":"http:\/\/zsp3.pl\/index.php?rest_route=\/wp\/v2\/types\/post"}],"author":[{"embeddable":true,"href":"http:\/\/zsp3.pl\/index.php?rest_route=\/wp\/v2\/users\/1"}],"replies":[{"embeddable":true,"href":"http:\/\/zsp3.pl\/index.php?rest_route=%2Fwp%2Fv2%2Fcomments&post=5860"}],"version-history":[{"count":1,"href":"http:\/\/zsp3.pl\/index.php?rest_route=\/wp\/v2\/posts\/5860\/revisions"}],"predecessor-version":[{"id":5862,"href":"http:\/\/zsp3.pl\/index.php?rest_route=\/wp\/v2\/posts\/5860\/revisions\/5862"}],"wp:featuredmedia":[{"embeddable":true,"href":"http:\/\/zsp3.pl\/index.php?rest_route=\/wp\/v2\/media\/5861"}],"wp:attachment":[{"href":"http:\/\/zsp3.pl\/index.php?rest_route=%2Fwp%2Fv2%2Fmedia&parent=5860"}],"wp:term":[{"taxonomy":"category","embeddable":true,"href":"http:\/\/zsp3.pl\/index.php?rest_route=%2Fwp%2Fv2%2Fcategories&post=5860"},{"taxonomy":"post_tag","embeddable":true,"href":"http:\/\/zsp3.pl\/index.php?rest_route=%2Fwp%2Fv2%2Ftags&post=5860"}],"curies":[{"name":"wp","href":"https:\/\/api.w.org\/{rel}","templated":true}]}}