{"id":650,"date":"2022-11-14T15:19:37","date_gmt":"2022-11-14T15:19:37","guid":{"rendered":"http:\/\/194.31.36.101\/?p=650"},"modified":"2022-12-13T15:22:11","modified_gmt":"2022-12-13T15:22:11","slug":"narod-ktory-traci-pamiec-przestaje-byc-narodem-jozef-pilsudski","status":"publish","type":"post","link":"http:\/\/zsp3.pl\/?p=650","title":{"rendered":"&#8222;Nar\u00f3d, kt\u00f3ry traci pami\u0119\u0107 przestaje by\u0107 Narodem&#8221; ~J\u00f3zef Pi\u0142sudski"},"content":{"rendered":"<div class=\"wp-block-image\">\n<figure class=\"aligncenter size-full\"><img fetchpriority=\"high\" decoding=\"async\" width=\"800\" height=\"497\" src=\"http:\/\/194.31.36.101\/wp-content\/uploads\/2022\/12\/11list_2022.jpg\" alt=\"\" class=\"wp-image-651\" srcset=\"http:\/\/zsp3.pl\/wp-content\/uploads\/2022\/12\/11list_2022.jpg 800w, http:\/\/zsp3.pl\/wp-content\/uploads\/2022\/12\/11list_2022-300x186.jpg 300w, http:\/\/zsp3.pl\/wp-content\/uploads\/2022\/12\/11list_2022-768x477.jpg 768w\" sizes=\"(max-width: 800px) 100vw, 800px\" \/><\/figure>\n<\/div>\n\n\n<p>W dniu 11.11.22 r. odby\u0142y si\u0119 obchody 104-lecia odzyskania przez Polsk\u0119 niepodleg\u0142o\u015bci. W oficjalnych uroczysto\u015bciach, na kt\u00f3re z\u0142o\u017cy\u0142a si\u0119 Msza \u015awi\u0119ta w intencji Ojczyzny oraz przemarsz na Plac Konstytucji we W\u0142oszczowie i z\u0142o\u017cenie kwiat\u00f3w pod pomnikiem Niepodleg\u0142o\u015bci, wzi\u0119li udzia\u0142 przedstawiciele naszej szko\u0142y: poczet sztandarowy, dyrekcja, grono pedagogiczne i uczniowie. W sk\u0142ad pocztu sztandarowego weszli uczniowie: Krystian Pi\u0105tek z IV pTi, Karolina S\u0119k z IV LO, Kinga Kunecka z IV LO, Olga Magdziarz z III LO oraz Ewa Dankowska z III LO. Opiekunem by\u0142 pan Artur Drozdowski.<br>Spo\u0142eczno\u015b\u0107 &#8222;Staszica&#8221; zadba\u0142a r\u00f3wnie\u017c o uczestnik\u00f3w 10. Biegu Niepodleg\u0142o\u015bci, zorganizowanego przez Lokaln\u0105 Grup\u0119 dzia\u0142ania &#8222;Region W\u0142oszczowski&#8221;.<br>Pocz\u0119stunek dla nich przygotowali nauczyciele: pani Maria Zawada, pani Lucyna Grzesi\u0144ska, pani Aneta Arabas i pan Grzegorz Baso\u0144 oraz uczniowie z klasy I i II technikum \u017cywienia i us\u0142ug gastronomicznych.<\/p>\n","protected":false},"excerpt":{"rendered":"<p>W dniu 11.11.22 r. odby\u0142y si\u0119 obchody 104-lecia odzyskania przez Polsk\u0119 niepodleg\u0142o\u015bci. W oficjalnych uroczysto\u015bciach, na kt\u00f3re z\u0142o\u017cy\u0142a si\u0119 Msza [&hellip;]<\/p>\n","protected":false},"author":3,"featured_media":651,"comment_status":"closed","ping_status":"closed","sticky":false,"template":"","format":"standard","meta":{"footnotes":""},"categories":[15],"tags":[],"class_list":["post-650","post","type-post","status-publish","format-standard","has-post-thumbnail","hentry","category-wydarzenie"],"_links":{"self":[{"href":"http:\/\/zsp3.pl\/index.php?rest_route=\/wp\/v2\/posts\/650","targetHints":{"allow":["GET"]}}],"collection":[{"href":"http:\/\/zsp3.pl\/index.php?rest_route=\/wp\/v2\/posts"}],"about":[{"href":"http:\/\/zsp3.pl\/index.php?rest_route=\/wp\/v2\/types\/post"}],"author":[{"embeddable":true,"href":"http:\/\/zsp3.pl\/index.php?rest_route=\/wp\/v2\/users\/3"}],"replies":[{"embeddable":true,"href":"http:\/\/zsp3.pl\/index.php?rest_route=%2Fwp%2Fv2%2Fcomments&post=650"}],"version-history":[{"count":1,"href":"http:\/\/zsp3.pl\/index.php?rest_route=\/wp\/v2\/posts\/650\/revisions"}],"predecessor-version":[{"id":652,"href":"http:\/\/zsp3.pl\/index.php?rest_route=\/wp\/v2\/posts\/650\/revisions\/652"}],"wp:featuredmedia":[{"embeddable":true,"href":"http:\/\/zsp3.pl\/index.php?rest_route=\/wp\/v2\/media\/651"}],"wp:attachment":[{"href":"http:\/\/zsp3.pl\/index.php?rest_route=%2Fwp%2Fv2%2Fmedia&parent=650"}],"wp:term":[{"taxonomy":"category","embeddable":true,"href":"http:\/\/zsp3.pl\/index.php?rest_route=%2Fwp%2Fv2%2Fcategories&post=650"},{"taxonomy":"post_tag","embeddable":true,"href":"http:\/\/zsp3.pl\/index.php?rest_route=%2Fwp%2Fv2%2Ftags&post=650"}],"curies":[{"name":"wp","href":"https:\/\/api.w.org\/{rel}","templated":true}]}}