{"id":7589,"date":"2026-01-20T19:57:17","date_gmt":"2026-01-20T19:57:17","guid":{"rendered":"http:\/\/zsp3.pl\/?p=7589"},"modified":"2026-01-20T19:57:18","modified_gmt":"2026-01-20T19:57:18","slug":"rok-2026-zostal-ustanowiony-przez-sejm-rp-rokiem-stanislawa-staszica","status":"publish","type":"post","link":"http:\/\/zsp3.pl\/?p=7589","title":{"rendered":"Rok 2026 zosta\u0142 ustanowiony przez Sejm RP Rokiem Stanis\u0142awa Staszica"},"content":{"rendered":"<div class=\"wp-block-image\">\n<figure class=\"aligncenter size-large\"><img fetchpriority=\"high\" decoding=\"async\" width=\"1024\" height=\"1011\" src=\"http:\/\/zsp3.pl\/wp-content\/uploads\/2026\/01\/1000031745-1024x1011.jpg\" alt=\"\" class=\"wp-image-7590\" srcset=\"http:\/\/zsp3.pl\/wp-content\/uploads\/2026\/01\/1000031745-1024x1011.jpg 1024w, http:\/\/zsp3.pl\/wp-content\/uploads\/2026\/01\/1000031745-300x296.jpg 300w, http:\/\/zsp3.pl\/wp-content\/uploads\/2026\/01\/1000031745-768x759.jpg 768w, http:\/\/zsp3.pl\/wp-content\/uploads\/2026\/01\/1000031745-1536x1517.jpg 1536w, http:\/\/zsp3.pl\/wp-content\/uploads\/2026\/01\/1000031745-2048x2023.jpg 2048w\" sizes=\"(max-width: 1024px) 100vw, 1024px\" \/><\/figure>\n<\/div>\n\n\n<p>W 200 rocznic\u0119 \u015bmierci (20.01.1826) przypominamy przes\u0142anie pozostawione przez Stanis\u0142awa Staszica: &#8222;By\u0107 narodowi u\u017cytecznym&#8221;. Okre\u015bla ono charakter naszej plac\u00f3wki.&nbsp;<\/p>\n\n\n\n<p>&nbsp;Stanis\u0142aw Staszic by\u0142 pionierem szkolnictwa zawodowego, nauk\u0119 wi\u0105za\u0142 \u015bci\u015ble z praktyk\u0105. W jego rozumieniu system szkolny powinien s\u0142u\u017cy\u0107 przygotowaniu rzesz u\u017cytecznych krajowi obywateli.&nbsp;<\/p>\n\n\n\n<p>Z pochodzenia mieszczanin, syn burmistrza z Pi\u0142y, kszta\u0142ci\u0142 si\u0119 w szko\u0142ach w Wa\u0142czu, Poznaniu, a nast\u0119pnie we Francji. Po powrocie do kraju zosta\u0142 guwernerem dzieci zas\u0142u\u017conego dla Rzeczypospolitej Andrzeja Zamoyskiego.<\/p>\n\n\n\n<p>&nbsp;Stanis\u0142aw Staszic by\u0142 wsp\u00f3\u0142tw\u00f3rc\u0105 Konstytucji 3 maja 1791roku, pracowa\u0142 w Ministerstwie Skarbu Ksi\u0119stwa Warszawskiego. W 1815 roku zosta\u0142 cz\u0142onkiem Komisji Rz\u0105dowej Spraw Wewn\u0119trznych i Policji.&nbsp;<\/p>\n\n\n\n<p>Otacza\u0142 opiek\u0105 g\u00f3rnictwo i hutnictwo- w Kielcach za\u0142o\u017cy\u0142 Szko\u0142\u0119 Akademiczno- G\u00f3rnicz\u0105.<\/p>\n\n\n\n<p>Ze wzgl\u0119du na swoje zas\u0142ugi nazywany zosta\u0142 ojcem polskiego szkolnictwa zawodowego. Przyczyni\u0142 si\u0119 do rozwoju gospodarczego Kielecczyzny.<\/p>\n\n\n\n<p>Staszic to wybitny pisarz epoki o\u015bwiecenia. Jego dzie\u0142a to: &#8222;Uwagi nad \u017cyciem Jana Zamoyskiego&#8221;, &#8222;R\u00f3d ludzki&#8221;, &#8222;Przestrogi dla Polski&#8221; oraz &#8222;O ziemior\u00f3dztwie&nbsp;Karpat\u00f3w i innych g\u00f3r i r\u00f3wnin Polski&#8221;.<\/p>\n\n\n\n<p>&nbsp;Niech 2026 rok b\u0119dzie dla ca\u0142ej spo\u0142eczno\u015bci szkolnej czasem inspiracji, refleksji i kreatywnych dzia\u0142a\u0144.<\/p>\n","protected":false},"excerpt":{"rendered":"<p>W 200 rocznic\u0119 \u015bmierci (20.01.1826) przypominamy przes\u0142anie pozostawione przez Stanis\u0142awa Staszica: &#8222;By\u0107 narodowi u\u017cytecznym&#8221;. Okre\u015bla ono charakter naszej plac\u00f3wki.&nbsp; &nbsp;Stanis\u0142aw [&hellip;]<\/p>\n","protected":false},"author":1,"featured_media":7590,"comment_status":"closed","ping_status":"closed","sticky":false,"template":"","format":"standard","meta":{"footnotes":""},"categories":[14,18,15],"tags":[],"class_list":["post-7589","post","type-post","status-publish","format-standard","has-post-thumbnail","hentry","category-informacja","category-inne","category-wydarzenie"],"_links":{"self":[{"href":"http:\/\/zsp3.pl\/index.php?rest_route=\/wp\/v2\/posts\/7589","targetHints":{"allow":["GET"]}}],"collection":[{"href":"http:\/\/zsp3.pl\/index.php?rest_route=\/wp\/v2\/posts"}],"about":[{"href":"http:\/\/zsp3.pl\/index.php?rest_route=\/wp\/v2\/types\/post"}],"author":[{"embeddable":true,"href":"http:\/\/zsp3.pl\/index.php?rest_route=\/wp\/v2\/users\/1"}],"replies":[{"embeddable":true,"href":"http:\/\/zsp3.pl\/index.php?rest_route=%2Fwp%2Fv2%2Fcomments&post=7589"}],"version-history":[{"count":1,"href":"http:\/\/zsp3.pl\/index.php?rest_route=\/wp\/v2\/posts\/7589\/revisions"}],"predecessor-version":[{"id":7591,"href":"http:\/\/zsp3.pl\/index.php?rest_route=\/wp\/v2\/posts\/7589\/revisions\/7591"}],"wp:featuredmedia":[{"embeddable":true,"href":"http:\/\/zsp3.pl\/index.php?rest_route=\/wp\/v2\/media\/7590"}],"wp:attachment":[{"href":"http:\/\/zsp3.pl\/index.php?rest_route=%2Fwp%2Fv2%2Fmedia&parent=7589"}],"wp:term":[{"taxonomy":"category","embeddable":true,"href":"http:\/\/zsp3.pl\/index.php?rest_route=%2Fwp%2Fv2%2Fcategories&post=7589"},{"taxonomy":"post_tag","embeddable":true,"href":"http:\/\/zsp3.pl\/index.php?rest_route=%2Fwp%2Fv2%2Ftags&post=7589"}],"curies":[{"name":"wp","href":"https:\/\/api.w.org\/{rel}","templated":true}]}}