{"id":775,"date":"2023-01-25T12:14:32","date_gmt":"2023-01-25T12:14:32","guid":{"rendered":"http:\/\/zsp3.pl\/?p=775"},"modified":"2023-04-04T12:16:52","modified_gmt":"2023-04-04T12:16:52","slug":"dzien-patrona-szkoly","status":"publish","type":"post","link":"http:\/\/zsp3.pl\/?p=775","title":{"rendered":"Dzie\u0144 Patrona Szko\u0142y"},"content":{"rendered":"<div class=\"wp-block-image\">\n<figure class=\"aligncenter size-full\"><img fetchpriority=\"high\" decoding=\"async\" width=\"800\" height=\"354\" src=\"http:\/\/zsp3.pl\/wp-content\/uploads\/2023\/04\/obraz.png\" alt=\"\" class=\"wp-image-776\" srcset=\"http:\/\/zsp3.pl\/wp-content\/uploads\/2023\/04\/obraz.png 800w, http:\/\/zsp3.pl\/wp-content\/uploads\/2023\/04\/obraz-300x133.png 300w, http:\/\/zsp3.pl\/wp-content\/uploads\/2023\/04\/obraz-768x340.png 768w\" sizes=\"(max-width: 800px) 100vw, 800px\" \/><\/figure>\n<\/div>\n\n\n<p>W dniu 25.01.2023 r. zosta\u0142 zorganizowany uroczysty apel z okazji corocznego Dnia Patrona Szko\u0142y. M\u0142odzie\u017c, pod kierownictwem pani Marzeny Majchrzak, pani Renaty Baso\u0144 i pani Magdaleny Gaj, zaprezentowa\u0142a zgromadzonej na sali gimnastycznej m\u0142odzie\u017cy monta\u017c s\u0142owno &#8211; muzyczny, kt\u00f3ry przybli\u017ca\u0142 sylwetk\u0119, dokonania i podkre\u015bla\u0142 aktualno\u015b\u0107 my\u015bli Stanis\u0142awa Staszica. O nie opiera si\u0119 przede wszystkim wizja naszej szko\u0142y : &#8222;By\u0107 narodowi u\u017cytecznym&#8221;.<br>Taki dzie\u0144 to dla ka\u017cdego m\u0142odego cz\u0142owieka okazja do refleksji o ci\u0105g\u0142ej inspiracji, kt\u00f3r\u0105 mo\u017cna czerpa\u0107 z dorobku minionych pokole\u0144.<\/p>\n","protected":false},"excerpt":{"rendered":"<p>W dniu 25.01.2023 r. zosta\u0142 zorganizowany uroczysty apel z okazji corocznego Dnia Patrona Szko\u0142y. M\u0142odzie\u017c, pod kierownictwem pani Marzeny Majchrzak, [&hellip;]<\/p>\n","protected":false},"author":3,"featured_media":776,"comment_status":"closed","ping_status":"closed","sticky":false,"template":"","format":"standard","meta":{"footnotes":""},"categories":[15],"tags":[],"class_list":["post-775","post","type-post","status-publish","format-standard","has-post-thumbnail","hentry","category-wydarzenie"],"_links":{"self":[{"href":"http:\/\/zsp3.pl\/index.php?rest_route=\/wp\/v2\/posts\/775","targetHints":{"allow":["GET"]}}],"collection":[{"href":"http:\/\/zsp3.pl\/index.php?rest_route=\/wp\/v2\/posts"}],"about":[{"href":"http:\/\/zsp3.pl\/index.php?rest_route=\/wp\/v2\/types\/post"}],"author":[{"embeddable":true,"href":"http:\/\/zsp3.pl\/index.php?rest_route=\/wp\/v2\/users\/3"}],"replies":[{"embeddable":true,"href":"http:\/\/zsp3.pl\/index.php?rest_route=%2Fwp%2Fv2%2Fcomments&post=775"}],"version-history":[{"count":1,"href":"http:\/\/zsp3.pl\/index.php?rest_route=\/wp\/v2\/posts\/775\/revisions"}],"predecessor-version":[{"id":777,"href":"http:\/\/zsp3.pl\/index.php?rest_route=\/wp\/v2\/posts\/775\/revisions\/777"}],"wp:featuredmedia":[{"embeddable":true,"href":"http:\/\/zsp3.pl\/index.php?rest_route=\/wp\/v2\/media\/776"}],"wp:attachment":[{"href":"http:\/\/zsp3.pl\/index.php?rest_route=%2Fwp%2Fv2%2Fmedia&parent=775"}],"wp:term":[{"taxonomy":"category","embeddable":true,"href":"http:\/\/zsp3.pl\/index.php?rest_route=%2Fwp%2Fv2%2Fcategories&post=775"},{"taxonomy":"post_tag","embeddable":true,"href":"http:\/\/zsp3.pl\/index.php?rest_route=%2Fwp%2Fv2%2Ftags&post=775"}],"curies":[{"name":"wp","href":"https:\/\/api.w.org\/{rel}","templated":true}]}}