{"id":7805,"date":"2026-03-13T19:24:54","date_gmt":"2026-03-13T19:24:54","guid":{"rendered":"http:\/\/zsp3.pl\/?p=7805"},"modified":"2026-03-13T19:24:55","modified_gmt":"2026-03-13T19:24:55","slug":"wyjazd-na-targi-gastro-horeca-w-czestochowie","status":"publish","type":"post","link":"http:\/\/zsp3.pl\/?p=7805","title":{"rendered":"Wyjazd na Targi GASTRO &#038; HORECA w Cz\u0119stochowie"},"content":{"rendered":"\n<figure class=\"wp-block-image size-large\"><img fetchpriority=\"high\" decoding=\"async\" width=\"1024\" height=\"683\" src=\"http:\/\/zsp3.pl\/wp-content\/uploads\/2026\/03\/1000025302-1024x683.jpg\" alt=\"\" class=\"wp-image-7806\" srcset=\"http:\/\/zsp3.pl\/wp-content\/uploads\/2026\/03\/1000025302-1024x683.jpg 1024w, http:\/\/zsp3.pl\/wp-content\/uploads\/2026\/03\/1000025302-300x200.jpg 300w, http:\/\/zsp3.pl\/wp-content\/uploads\/2026\/03\/1000025302-768x512.jpg 768w, http:\/\/zsp3.pl\/wp-content\/uploads\/2026\/03\/1000025302-1536x1024.jpg 1536w, http:\/\/zsp3.pl\/wp-content\/uploads\/2026\/03\/1000025302.jpg 1920w\" sizes=\"(max-width: 1024px) 100vw, 1024px\" \/><\/figure>\n\n\n\n<figure class=\"wp-block-image size-large\"><img decoding=\"async\" width=\"1024\" height=\"683\" src=\"http:\/\/zsp3.pl\/wp-content\/uploads\/2026\/03\/1000025305-1024x683.jpg\" alt=\"\" class=\"wp-image-7807\" srcset=\"http:\/\/zsp3.pl\/wp-content\/uploads\/2026\/03\/1000025305-1024x683.jpg 1024w, http:\/\/zsp3.pl\/wp-content\/uploads\/2026\/03\/1000025305-300x200.jpg 300w, http:\/\/zsp3.pl\/wp-content\/uploads\/2026\/03\/1000025305-768x512.jpg 768w, http:\/\/zsp3.pl\/wp-content\/uploads\/2026\/03\/1000025305-1536x1024.jpg 1536w, http:\/\/zsp3.pl\/wp-content\/uploads\/2026\/03\/1000025305.jpg 1920w\" sizes=\"(max-width: 1024px) 100vw, 1024px\" \/><\/figure>\n\n\n\n<p>\u2002\u2002\u2002\u2002W dn. 03.03.26 r. uczniowie klas technikum \u017cywienia uczestniczyli w Targach GASTRO &amp; HORECA Cz\u0119stochowa 2026&nbsp; \u2013 wyj\u0105tkowym spotkaniu bran\u017cy gastronomicznej.<\/p>\n\n\n\n<p>Wydarzenie zgromadzi\u0142o blisko 150 wystawc\u00f3w oraz profesjonalist\u00f3w z ca\u0142ej Polski: restaurator\u00f3w, szef\u00f3w kuchni, hotelarzy, kucharzy oraz przedstawicieli \u017cywienia zbiorowego (m.in. Szk\u00f3\u0142).&nbsp; W\u015br\u00f3d ekspozycji znalaz\u0142a si\u0119 r\u00f3wnie\u017c OSM W\u0142oszczowa.<\/p>\n\n\n\n<p>\u2002\u2002\u2002\u2002Uczestnicy wyjazdu wzi\u0119li udzia\u0142 w degustacjach potraw i produkt\u00f3w, pokazach kulinarnych na \u017cywo, panelach dyskusyjnych oraz zdobyli solidn\u0105 dawk\u0119 bran\u017cowej wiedzy. Nie zabrak\u0142o r\u00f3wnie\u017c networkingu i inspiruj\u0105cych rozm\u00f3w.<\/p>\n\n\n\n<p>Go\u015bciem specjalnym oraz prowadz\u0105cym targi by\u0142 Karol Okrasa.<\/p>\n\n\n\n<p>Sw\u00f3j kunszt kulinarny prezentowali r\u00f3wnie\u017c:<\/p>\n\n\n\n<ul class=\"wp-block-list\">\n<li>Mariusz Kulik \u2013 szef kuchni Studia Kulinarnego ETQA (organizatora wydarzenia),<\/li>\n\n\n\n<li>Miros\u0142aw Ka\u0142a \u2013 znany w Cz\u0119stochowie i regionie szef kuchni, w przesz\u0142o\u015bci zwi\u0105zany z Hotelem Arche,<\/li>\n<\/ul>\n\n\n\n<p>&nbsp; &nbsp; &nbsp; &nbsp; &nbsp; &#8211; Tomasz Soczumski \u2013 ceniony w Kielcach i wojew\u00f3dztwie \u015bwi\u0119tokrzyskim szef kuchni oraz restaurator.<\/p>\n\n\n\n<p>Wyjazd by\u0142 doskona\u0142\u0105 okazj\u0105 do poznania aktualnych trend\u00f3w w gastronomii, rozwijania pasji oraz zdobywania cennego do\u015bwiadczenia zawodowego.&nbsp;<\/p>\n","protected":false},"excerpt":{"rendered":"<p>\u2002\u2002\u2002\u2002W dn. 03.03.26 r. uczniowie klas technikum \u017cywienia uczestniczyli w Targach GASTRO &amp; HORECA Cz\u0119stochowa 2026&nbsp; \u2013 wyj\u0105tkowym spotkaniu bran\u017cy [&hellip;]<\/p>\n","protected":false},"author":1,"featured_media":7806,"comment_status":"closed","ping_status":"closed","sticky":false,"template":"","format":"standard","meta":{"footnotes":""},"categories":[14,18,15],"tags":[],"class_list":["post-7805","post","type-post","status-publish","format-standard","has-post-thumbnail","hentry","category-informacja","category-inne","category-wydarzenie"],"_links":{"self":[{"href":"http:\/\/zsp3.pl\/index.php?rest_route=\/wp\/v2\/posts\/7805","targetHints":{"allow":["GET"]}}],"collection":[{"href":"http:\/\/zsp3.pl\/index.php?rest_route=\/wp\/v2\/posts"}],"about":[{"href":"http:\/\/zsp3.pl\/index.php?rest_route=\/wp\/v2\/types\/post"}],"author":[{"embeddable":true,"href":"http:\/\/zsp3.pl\/index.php?rest_route=\/wp\/v2\/users\/1"}],"replies":[{"embeddable":true,"href":"http:\/\/zsp3.pl\/index.php?rest_route=%2Fwp%2Fv2%2Fcomments&post=7805"}],"version-history":[{"count":1,"href":"http:\/\/zsp3.pl\/index.php?rest_route=\/wp\/v2\/posts\/7805\/revisions"}],"predecessor-version":[{"id":7808,"href":"http:\/\/zsp3.pl\/index.php?rest_route=\/wp\/v2\/posts\/7805\/revisions\/7808"}],"wp:featuredmedia":[{"embeddable":true,"href":"http:\/\/zsp3.pl\/index.php?rest_route=\/wp\/v2\/media\/7806"}],"wp:attachment":[{"href":"http:\/\/zsp3.pl\/index.php?rest_route=%2Fwp%2Fv2%2Fmedia&parent=7805"}],"wp:term":[{"taxonomy":"category","embeddable":true,"href":"http:\/\/zsp3.pl\/index.php?rest_route=%2Fwp%2Fv2%2Fcategories&post=7805"},{"taxonomy":"post_tag","embeddable":true,"href":"http:\/\/zsp3.pl\/index.php?rest_route=%2Fwp%2Fv2%2Ftags&post=7805"}],"curies":[{"name":"wp","href":"https:\/\/api.w.org\/{rel}","templated":true}]}}