{"id":7815,"date":"2026-03-13T20:01:24","date_gmt":"2026-03-13T20:01:24","guid":{"rendered":"http:\/\/zsp3.pl\/?p=7815"},"modified":"2026-03-13T20:01:25","modified_gmt":"2026-03-13T20:01:25","slug":"wystawa-historyczna-marzec-1968-i-lekcja-historii-z-ipn","status":"publish","type":"post","link":"http:\/\/zsp3.pl\/?p=7815","title":{"rendered":"Wystawa historyczna Marzec 1968 i lekcja historii z IPN"},"content":{"rendered":"<div class=\"wp-block-image\">\n<figure class=\"aligncenter size-large\"><img fetchpriority=\"high\" decoding=\"async\" width=\"1024\" height=\"674\" src=\"http:\/\/zsp3.pl\/wp-content\/uploads\/2026\/03\/1000025502-1024x674.jpg\" alt=\"\" class=\"wp-image-7817\" srcset=\"http:\/\/zsp3.pl\/wp-content\/uploads\/2026\/03\/1000025502-1024x674.jpg 1024w, http:\/\/zsp3.pl\/wp-content\/uploads\/2026\/03\/1000025502-300x197.jpg 300w, http:\/\/zsp3.pl\/wp-content\/uploads\/2026\/03\/1000025502-768x505.jpg 768w, http:\/\/zsp3.pl\/wp-content\/uploads\/2026\/03\/1000025502-1536x1010.jpg 1536w, http:\/\/zsp3.pl\/wp-content\/uploads\/2026\/03\/1000025502.jpg 2048w\" sizes=\"(max-width: 1024px) 100vw, 1024px\" \/><\/figure>\n<\/div>\n\n<div class=\"wp-block-image\">\n<figure class=\"aligncenter size-large\"><img decoding=\"async\" width=\"768\" height=\"1024\" src=\"http:\/\/zsp3.pl\/wp-content\/uploads\/2026\/03\/1000025503-768x1024.jpg\" alt=\"\" class=\"wp-image-7816\" srcset=\"http:\/\/zsp3.pl\/wp-content\/uploads\/2026\/03\/1000025503-768x1024.jpg 768w, http:\/\/zsp3.pl\/wp-content\/uploads\/2026\/03\/1000025503-225x300.jpg 225w, http:\/\/zsp3.pl\/wp-content\/uploads\/2026\/03\/1000025503-1152x1536.jpg 1152w, http:\/\/zsp3.pl\/wp-content\/uploads\/2026\/03\/1000025503.jpg 1536w\" sizes=\"(max-width: 768px) 100vw, 768px\" \/><\/figure>\n<\/div>\n\n\n<p>\u2002\u2002\u2002\u2002W ubieg\u0142y czwartek, 05.03.26 r., klasa 3 a LO o profilu policyjno &#8211; prawnym uczestniczy\u0142a w Bibliotece Pedagogicznej w Kielcach Filii we W\u0142oszczowie w lekcji: &#8222;Kryzysy PRL: 1956, 1968, 1970, 1976&#8221;. Warto przypomnie\u0107, \u017ce rok 2026 zosta\u0142 ustanowiony Rokiem Protest\u00f3w Robotniczych Czerwca 1976 .<\/p>\n\n\n\n<p>\u2002\u2002\u2002\u2002Serdecznie dzi\u0119kujemy dr Edycie Kr\u0119\u017co\u0142ek, kierownikowi Biura Edukacji Narodowej Instytut Pami\u0119ci Narodowej Delegatura w Kielcach, za przybli\u017cenie uczniom historii tych wa\u017cnych dla Polski miesi\u0119cy.<\/p>\n\n\n\n<p>W czasie wyk\u0142adu pani doktor om\u00f3wi\u0142a protesty robotnicze, represje komunistycznych w\u0142adz i proces kszta\u0142towania si\u0119 opozycji demokratycznej w Polsce.<\/p>\n\n\n\n<p>Opiekunowie m\u0142odzie\u017cy: pani Wioletta Banach, pani Marzena Majchrzak i pani Renata Baso\u0144.<\/p>\n","protected":false},"excerpt":{"rendered":"<p>\u2002\u2002\u2002\u2002W ubieg\u0142y czwartek, 05.03.26 r., klasa 3 a LO o profilu policyjno &#8211; prawnym uczestniczy\u0142a w Bibliotece Pedagogicznej w Kielcach [&hellip;]<\/p>\n","protected":false},"author":1,"featured_media":7817,"comment_status":"closed","ping_status":"closed","sticky":false,"template":"","format":"standard","meta":{"footnotes":""},"categories":[14,18,15],"tags":[],"class_list":["post-7815","post","type-post","status-publish","format-standard","has-post-thumbnail","hentry","category-informacja","category-inne","category-wydarzenie"],"_links":{"self":[{"href":"http:\/\/zsp3.pl\/index.php?rest_route=\/wp\/v2\/posts\/7815","targetHints":{"allow":["GET"]}}],"collection":[{"href":"http:\/\/zsp3.pl\/index.php?rest_route=\/wp\/v2\/posts"}],"about":[{"href":"http:\/\/zsp3.pl\/index.php?rest_route=\/wp\/v2\/types\/post"}],"author":[{"embeddable":true,"href":"http:\/\/zsp3.pl\/index.php?rest_route=\/wp\/v2\/users\/1"}],"replies":[{"embeddable":true,"href":"http:\/\/zsp3.pl\/index.php?rest_route=%2Fwp%2Fv2%2Fcomments&post=7815"}],"version-history":[{"count":1,"href":"http:\/\/zsp3.pl\/index.php?rest_route=\/wp\/v2\/posts\/7815\/revisions"}],"predecessor-version":[{"id":7818,"href":"http:\/\/zsp3.pl\/index.php?rest_route=\/wp\/v2\/posts\/7815\/revisions\/7818"}],"wp:featuredmedia":[{"embeddable":true,"href":"http:\/\/zsp3.pl\/index.php?rest_route=\/wp\/v2\/media\/7817"}],"wp:attachment":[{"href":"http:\/\/zsp3.pl\/index.php?rest_route=%2Fwp%2Fv2%2Fmedia&parent=7815"}],"wp:term":[{"taxonomy":"category","embeddable":true,"href":"http:\/\/zsp3.pl\/index.php?rest_route=%2Fwp%2Fv2%2Fcategories&post=7815"},{"taxonomy":"post_tag","embeddable":true,"href":"http:\/\/zsp3.pl\/index.php?rest_route=%2Fwp%2Fv2%2Ftags&post=7815"}],"curies":[{"name":"wp","href":"https:\/\/api.w.org\/{rel}","templated":true}]}}