{"id":824,"date":"2023-03-24T12:36:44","date_gmt":"2023-03-24T12:36:44","guid":{"rendered":"http:\/\/zsp3.pl\/?p=824"},"modified":"2023-04-04T12:37:45","modified_gmt":"2023-04-04T12:37:45","slug":"dzien-czytania-tolkiena","status":"publish","type":"post","link":"http:\/\/zsp3.pl\/?p=824","title":{"rendered":"Dzie\u0144 czytania Tolkiena"},"content":{"rendered":"<div class=\"wp-block-image\">\n<figure class=\"aligncenter size-full\"><img fetchpriority=\"high\" decoding=\"async\" width=\"800\" height=\"472\" src=\"http:\/\/zsp3.pl\/wp-content\/uploads\/2023\/04\/obraz-17.png\" alt=\"\" class=\"wp-image-825\" srcset=\"http:\/\/zsp3.pl\/wp-content\/uploads\/2023\/04\/obraz-17.png 800w, http:\/\/zsp3.pl\/wp-content\/uploads\/2023\/04\/obraz-17-300x177.png 300w, http:\/\/zsp3.pl\/wp-content\/uploads\/2023\/04\/obraz-17-768x453.png 768w\" sizes=\"(max-width: 800px) 100vw, 800px\" \/><\/figure>\n<\/div>\n\n\n<p>W dn. 24.03.2023 r. PCKR W\u0142oszczowa, w\u0142oszczowska filia Pedagogicznej Biblioteki Wojew\u00f3dzkiej w Kielcach oraz M\u0142odzie\u017cowa Rada Powiatu W\u0142oszczowskiego zorganizowali &#8222;Dzie\u0144 czytania Tolkiena&#8221;. W wydarzeniu tym wzi\u0119\u0142a udzia\u0142 m\u0142odzie\u017c Staszica : Pawe\u0142 Mirkiewicz z III LO, Roksana Cetera z II TML , Krystian Pi\u0105tek z IV TI, Mateusz Bory\u0144 z IV pPH oraz Kinga Piorun z III BLH . Spotkanie rozpocz\u0105\u0142 Starosta W\u0142oszczowski, pan Dariusz Czechowski, a nast\u0119pnie zosta\u0142 zaprezentowany film przedstawiaj\u0105cy \u017cycie i tw\u00f3rczo\u015b\u0107 J.R.R. Tolkiena. M\u0142odzie\u017c odczyta\u0142a wybrane fragmenty z dzie\u0142 pisarza.<br>Opiek\u0119 nad uczniami sprawowa\u0142a pani Renata Baso\u0144, a przygotowa\u0142y ich polonistki naszej szko\u0142y.<\/p>\n","protected":false},"excerpt":{"rendered":"<p>W dn. 24.03.2023 r. PCKR W\u0142oszczowa, w\u0142oszczowska filia Pedagogicznej Biblioteki Wojew\u00f3dzkiej w Kielcach oraz M\u0142odzie\u017cowa Rada Powiatu W\u0142oszczowskiego zorganizowali &#8222;Dzie\u0144 [&hellip;]<\/p>\n","protected":false},"author":3,"featured_media":825,"comment_status":"closed","ping_status":"closed","sticky":false,"template":"","format":"standard","meta":{"footnotes":""},"categories":[15],"tags":[],"class_list":["post-824","post","type-post","status-publish","format-standard","has-post-thumbnail","hentry","category-wydarzenie"],"_links":{"self":[{"href":"http:\/\/zsp3.pl\/index.php?rest_route=\/wp\/v2\/posts\/824","targetHints":{"allow":["GET"]}}],"collection":[{"href":"http:\/\/zsp3.pl\/index.php?rest_route=\/wp\/v2\/posts"}],"about":[{"href":"http:\/\/zsp3.pl\/index.php?rest_route=\/wp\/v2\/types\/post"}],"author":[{"embeddable":true,"href":"http:\/\/zsp3.pl\/index.php?rest_route=\/wp\/v2\/users\/3"}],"replies":[{"embeddable":true,"href":"http:\/\/zsp3.pl\/index.php?rest_route=%2Fwp%2Fv2%2Fcomments&post=824"}],"version-history":[{"count":1,"href":"http:\/\/zsp3.pl\/index.php?rest_route=\/wp\/v2\/posts\/824\/revisions"}],"predecessor-version":[{"id":826,"href":"http:\/\/zsp3.pl\/index.php?rest_route=\/wp\/v2\/posts\/824\/revisions\/826"}],"wp:featuredmedia":[{"embeddable":true,"href":"http:\/\/zsp3.pl\/index.php?rest_route=\/wp\/v2\/media\/825"}],"wp:attachment":[{"href":"http:\/\/zsp3.pl\/index.php?rest_route=%2Fwp%2Fv2%2Fmedia&parent=824"}],"wp:term":[{"taxonomy":"category","embeddable":true,"href":"http:\/\/zsp3.pl\/index.php?rest_route=%2Fwp%2Fv2%2Fcategories&post=824"},{"taxonomy":"post_tag","embeddable":true,"href":"http:\/\/zsp3.pl\/index.php?rest_route=%2Fwp%2Fv2%2Ftags&post=824"}],"curies":[{"name":"wp","href":"https:\/\/api.w.org\/{rel}","templated":true}]}}